{"id":861,"date":"2025-11-10T12:47:29","date_gmt":"2025-11-10T11:47:29","guid":{"rendered":"https:\/\/parafiajaszkotle.pl\/?p=861"},"modified":"2025-11-10T12:47:29","modified_gmt":"2025-11-10T11:47:29","slug":"intencje-21-27-10-2024-2-2-2-2-2-2-2-2-2-2-2-2-2-2-2-2-2-2-2-2-2-2-2-2-2-2-2-2-2-2-2-2-2-2-2-2-3-2-2-2-2-2-2-2-2-2-2-2-2-2-2-2-2","status":"publish","type":"post","link":"https:\/\/parafiajaszkotle.pl\/?p=861","title":{"rendered":"Intencje 10-16.11.2025"},"content":{"rendered":"\n<p style=\"font-size:28px\">Jaszkotle<\/p>\n\n\n\n<figure class=\"wp-block-table is-style-stripes\"><table><thead><tr><th>Data<\/th><th class=\"has-text-align-center\" data-align=\"center\">Godzina<\/th><th>Intencja<\/th><\/tr><\/thead><tbody><tr><td>10.11 pn.<\/td><td class=\"has-text-align-center\" data-align=\"center\">07:00<\/td><td>\u271e\u271e Emilia, Mieczys\u0142aw GAWINO<\/td><\/tr><tr><td>11.11 wt.<\/td><td class=\"has-text-align-center\" data-align=\"center\">18:00<\/td><td>\u271e\u271e Olga, Benedykt, Wac\u0142aw, J\u00f3zefa, Jadwiga RADOMSCY<\/td><\/tr><tr><td>12.11 \u015br.<\/td><td class=\"has-text-align-center\" data-align=\"center\">18:00<\/td><td>\u271e Izabela SZYMO\u0143CZYK (5 r. \u015bm.)<\/td><\/tr><tr><td>13.11 cz.<\/td><td class=\"has-text-align-center\" data-align=\"center\">18:00<\/td><td>\u271e Maria MICHA\u0141OWSKA (od El\u017cbiety i Stanis\u0142awa S\u0142omka)<\/td><\/tr><tr><td>14.11 pt.<\/td><td class=\"has-text-align-center\" data-align=\"center\">18:00<\/td><td>\u271e Maria BERNAS (5 r. \u015bm.)<\/td><\/tr><tr><td>15.11 sb.<\/td><td class=\"has-text-align-center\" data-align=\"center\">18:00<\/td><td>\u271e Kacper TKACZYK<\/td><\/tr><tr><td>16.11 nb.<\/td><td class=\"has-text-align-center\" data-align=\"center\">08:00<\/td><td>\u271e Pawe\u0142 PUCH, \u271e Micha\u0142 NIEDBA\u0141A<\/td><\/tr><tr><td>16.11 nd.<\/td><td class=\"has-text-align-center\" data-align=\"center\">11:30<\/td><td>1. W int. Julii BURDA (10 r. ur.), w int. siostry, Kasi<br>2. \u271e Janusz \u0141AKOMY (4 r. \u015bm.)<\/td><\/tr><tr><td>16.11 nd.<\/td><td class=\"has-text-align-center\" data-align=\"center\">17:00<\/td><td>W int. Witaliny i Eugeniusza STEIN (26 r. \u015blubu)<\/td><\/tr><\/tbody><\/table><\/figure>\n\n\n\n<hr class=\"wp-block-separator has-alpha-channel-opacity\"\/>\n\n\n\n<p style=\"font-size:28px\">Sadk\u00f3w<\/p>\n\n\n\n<figure class=\"wp-block-table is-style-stripes\"><table><thead><tr><th>Data<\/th><th class=\"has-text-align-center\" data-align=\"center\">Godzina<\/th><th>Intencja<\/th><\/tr><\/thead><tbody><tr><td>15.11 sb.<\/td><td class=\"has-text-align-center\" data-align=\"center\">17:00<\/td><td>\u271e\u271e Zbigniew, Gra\u017cyna KUCZY\u0143SCY<\/td><\/tr><tr><td>16.11 nd.<\/td><td class=\"has-text-align-center\" data-align=\"center\">09:30<\/td><td>1. \u271e\u271e z rodzin: SZYMK\u00d3W i MALIK<br>2. W int. Ireny i Henryka PANEK (50 r. \u015blubu)<\/td><\/tr><\/tbody><\/table><\/figure>\n\n\n\n<p><\/p>\n","protected":false},"excerpt":{"rendered":"<p>Intencje mszalne w ko\u015bciele w Jaszkotlu oraz w Sadkowie<\/p>\n","protected":false},"author":1,"featured_media":136,"comment_status":"open","ping_status":"open","sticky":false,"template":"","format":"standard","meta":{"footnotes":""},"categories":[7],"tags":[],"class_list":["post-861","post","type-post","status-publish","format-standard","has-post-thumbnail","hentry","category-intmsz"],"_links":{"self":[{"href":"https:\/\/parafiajaszkotle.pl\/index.php?rest_route=\/wp\/v2\/posts\/861","targetHints":{"allow":["GET"]}}],"collection":[{"href":"https:\/\/parafiajaszkotle.pl\/index.php?rest_route=\/wp\/v2\/posts"}],"about":[{"href":"https:\/\/parafiajaszkotle.pl\/index.php?rest_route=\/wp\/v2\/types\/post"}],"author":[{"embeddable":true,"href":"https:\/\/parafiajaszkotle.pl\/index.php?rest_route=\/wp\/v2\/users\/1"}],"replies":[{"embeddable":true,"href":"https:\/\/parafiajaszkotle.pl\/index.php?rest_route=%2Fwp%2Fv2%2Fcomments&post=861"}],"version-history":[{"count":4,"href":"https:\/\/parafiajaszkotle.pl\/index.php?rest_route=\/wp\/v2\/posts\/861\/revisions"}],"predecessor-version":[{"id":869,"href":"https:\/\/parafiajaszkotle.pl\/index.php?rest_route=\/wp\/v2\/posts\/861\/revisions\/869"}],"wp:featuredmedia":[{"embeddable":true,"href":"https:\/\/parafiajaszkotle.pl\/index.php?rest_route=\/wp\/v2\/media\/136"}],"wp:attachment":[{"href":"https:\/\/parafiajaszkotle.pl\/index.php?rest_route=%2Fwp%2Fv2%2Fmedia&parent=861"}],"wp:term":[{"taxonomy":"category","embeddable":true,"href":"https:\/\/parafiajaszkotle.pl\/index.php?rest_route=%2Fwp%2Fv2%2Fcategories&post=861"},{"taxonomy":"post_tag","embeddable":true,"href":"https:\/\/parafiajaszkotle.pl\/index.php?rest_route=%2Fwp%2Fv2%2Ftags&post=861"}],"curies":[{"name":"wp","href":"https:\/\/api.w.org\/{rel}","templated":true}]}}