{"id":722,"date":"2025-07-28T11:46:57","date_gmt":"2025-07-28T09:46:57","guid":{"rendered":"https:\/\/parafiajaszkotle.pl\/?p=722"},"modified":"2025-07-28T11:46:57","modified_gmt":"2025-07-28T09:46:57","slug":"intencje-21-27-10-2024-2-2-2-2-2-2-2-2-2-2-2-2-2-2-2-2-2-2-2-2-2-2-2-2-2-2-2-2-2-2-2-2-2-2-2-2-3-2-2","status":"publish","type":"post","link":"https:\/\/parafiajaszkotle.pl\/?p=722","title":{"rendered":"Intencje 28.07-03.08.2025"},"content":{"rendered":"\n<p style=\"font-size:28px\">Jaszkotle<\/p>\n\n\n\n<figure class=\"wp-block-table is-style-stripes\"><table><thead><tr><th>Data<\/th><th class=\"has-text-align-center\" data-align=\"center\">Godzina<\/th><th>Intencja<\/th><\/tr><\/thead><tbody><tr><td>28.07 pn.<\/td><td class=\"has-text-align-center\" data-align=\"center\">18:00<\/td><td>\u271e Ryszard SKULSKI (od rodziny Paluch z D\u0119biny)<\/td><\/tr><tr><td>29.07 wt.<\/td><td class=\"has-text-align-center\" data-align=\"center\">18:00<\/td><td>W int. Dawida i Pauliny GUSZPIT (9 r. \u015blubu), w int. Wiktorii (3 r. ur.) i w int. Kamila<\/td><\/tr><tr><td>30.07\u015br.<\/td><td class=\"has-text-align-center\" data-align=\"center\">18:00<\/td><td>\u271e Aniela SALA (20 r. \u015bm.) \u2013 od dzieci<\/td><\/tr><tr><td>31.07 cz.<\/td><td class=\"has-text-align-center\" data-align=\"center\">18:00<\/td><td>\u271e Pawe\u0142 SKIBA<\/td><\/tr><tr><td>01.08 pt.<\/td><td class=\"has-text-align-center\" data-align=\"center\">18:00<\/td><td>\u271e Stanis\u0142awa CHRU\u015aCIEL<\/td><\/tr><tr><td>02.08 sb.<\/td><td class=\"has-text-align-center\" data-align=\"center\">18:00<\/td><td>ZMARLI W UBIEG\u0141YM ROKU, W int. R\u00f3\u017cy Matki Boskiej Anielskiej<\/td><\/tr><tr><td>03.08 nd.<\/td><td class=\"has-text-align-center\" data-align=\"center\">08:00<\/td><td>\u271e Janina BIENIEK<\/td><\/tr><tr><td>03.08 nd.<\/td><td class=\"has-text-align-center\" data-align=\"center\">11:30<\/td><td>W int. Helenki z okazji chrztu \u015bw. oraz Witka (2 r. ur.), <br>w int. rodzic\u00f3w: Aleksandry i \u0141ukasza i w int. ca\u0142ej rodziny<\/td><\/tr><tr><td>03.08 nd.<\/td><td class=\"has-text-align-center\" data-align=\"center\">17:00<\/td><td>\u271e Edward DEPOWSKI (10 r. \u015bm.)<\/td><\/tr><\/tbody><\/table><\/figure>\n\n\n\n<hr class=\"wp-block-separator has-alpha-channel-opacity\"\/>\n\n\n\n<p style=\"font-size:28px\">Sadk\u00f3w<\/p>\n\n\n\n<figure class=\"wp-block-table is-style-stripes\"><table><thead><tr><th>Data<\/th><th class=\"has-text-align-center\" data-align=\"center\">Godzina<\/th><th>Intencja<\/th><\/tr><\/thead><tbody><tr><td>03.08 sb.<\/td><td class=\"has-text-align-center\" data-align=\"center\">17:00<\/td><td>\u271e\u271e Rozalia, Mieczys\u0142aw ZIELI\u0143SCY,<br>\u271e Janina ZIELI\u0143SKA, \u271e Franciszka KUTKOWSKA<\/td><\/tr><tr><td>03.08 nd.<\/td><td class=\"has-text-align-center\" data-align=\"center\">09:30<\/td><td>\u271e Jan IZDEBSKI (9 m-c po \u015bmierci)<\/td><\/tr><\/tbody><\/table><\/figure>\n\n\n\n<p><\/p>\n","protected":false},"excerpt":{"rendered":"<p>Intencje mszalne w ko\u015bciele w Jaszkotlu oraz w Sadkowie<\/p>\n","protected":false},"author":1,"featured_media":136,"comment_status":"open","ping_status":"open","sticky":false,"template":"","format":"standard","meta":{"footnotes":""},"categories":[7],"tags":[],"class_list":["post-722","post","type-post","status-publish","format-standard","has-post-thumbnail","hentry","category-intmsz"],"_links":{"self":[{"href":"https:\/\/parafiajaszkotle.pl\/index.php?rest_route=\/wp\/v2\/posts\/722","targetHints":{"allow":["GET"]}}],"collection":[{"href":"https:\/\/parafiajaszkotle.pl\/index.php?rest_route=\/wp\/v2\/posts"}],"about":[{"href":"https:\/\/parafiajaszkotle.pl\/index.php?rest_route=\/wp\/v2\/types\/post"}],"author":[{"embeddable":true,"href":"https:\/\/parafiajaszkotle.pl\/index.php?rest_route=\/wp\/v2\/users\/1"}],"replies":[{"embeddable":true,"href":"https:\/\/parafiajaszkotle.pl\/index.php?rest_route=%2Fwp%2Fv2%2Fcomments&post=722"}],"version-history":[{"count":1,"href":"https:\/\/parafiajaszkotle.pl\/index.php?rest_route=\/wp\/v2\/posts\/722\/revisions"}],"predecessor-version":[{"id":723,"href":"https:\/\/parafiajaszkotle.pl\/index.php?rest_route=\/wp\/v2\/posts\/722\/revisions\/723"}],"wp:featuredmedia":[{"embeddable":true,"href":"https:\/\/parafiajaszkotle.pl\/index.php?rest_route=\/wp\/v2\/media\/136"}],"wp:attachment":[{"href":"https:\/\/parafiajaszkotle.pl\/index.php?rest_route=%2Fwp%2Fv2%2Fmedia&parent=722"}],"wp:term":[{"taxonomy":"category","embeddable":true,"href":"https:\/\/parafiajaszkotle.pl\/index.php?rest_route=%2Fwp%2Fv2%2Fcategories&post=722"},{"taxonomy":"post_tag","embeddable":true,"href":"https:\/\/parafiajaszkotle.pl\/index.php?rest_route=%2Fwp%2Fv2%2Ftags&post=722"}],"curies":[{"name":"wp","href":"https:\/\/api.w.org\/{rel}","templated":true}]}}