{"id":691,"date":"2025-07-14T10:07:24","date_gmt":"2025-07-14T08:07:24","guid":{"rendered":"https:\/\/parafiajaszkotle.pl\/?p=691"},"modified":"2025-07-14T10:07:24","modified_gmt":"2025-07-14T08:07:24","slug":"intencje-21-27-10-2024-2-2-2-2-2-2-2-2-2-2-2-2-2-2-2-2-2-2-2-2-2-2-2-2-2-2-2-2-2-2-2-2-2-2-2-2-3","status":"publish","type":"post","link":"https:\/\/parafiajaszkotle.pl\/?p=691","title":{"rendered":"Intencje 14-20.07.2025"},"content":{"rendered":"\n<p style=\"font-size:28px\">Jaszkotle<\/p>\n\n\n\n<figure class=\"wp-block-table is-style-stripes\"><table><thead><tr><th>Data<\/th><th class=\"has-text-align-center\" data-align=\"center\">Godzina<\/th><th>Intencja<\/th><\/tr><\/thead><tbody><tr><td>14.07 pn.<\/td><td class=\"has-text-align-center\" data-align=\"center\">18:00<\/td><td>\u271e Lucyna WYSOCZA\u0143SKA (od Gra\u017cyny i Tadeusza Nawie\u015bniak ze Skrzydlnej)<\/td><\/tr><tr><td>15.07 wt.<\/td><td class=\"has-text-align-center\" data-align=\"center\">18:00<\/td><td>W int. Mileny SOCHA (18 r. ur.)<\/td><\/tr><tr><td>16.07\u015br.<\/td><td class=\"has-text-align-center\" data-align=\"center\">18:00<\/td><td>W int. Teresy GUSZPIT z okazji urodzin i w int. ca\u0142ej rodziny<\/td><\/tr><tr><td>17.07 cz.<\/td><td class=\"has-text-align-center\" data-align=\"center\">18:00<\/td><td>\u271e Jan KARLIKOWSKI (1 r. \u015bm.)<\/td><\/tr><tr><td>18.07 pt.<\/td><td class=\"has-text-align-center\" data-align=\"center\">18:00<\/td><td>W int. Rodzin Szensztackich<\/td><\/tr><tr><td>19.07 sb.<\/td><td class=\"has-text-align-center\" data-align=\"center\">18:00<\/td><td>\u271e Jan WILCZY\u0143SKI (40 r. \u015bm.), \u271e Weronika WILCZY\u0143SKA<\/td><\/tr><tr><td>20.07 nd.<\/td><td class=\"has-text-align-center\" data-align=\"center\">08:00<\/td><td>1. W int. Jagody \u017bYGAD\u0141O (14 r. ur.)<br>2. \u271e Janina BIENIEK<\/td><\/tr><tr><td>20.07 nd.<\/td><td class=\"has-text-align-center\" data-align=\"center\">11:30<\/td><td>1. W int. Marii i J\u00f3zefa WYSOCZA\u0143SKICH (50 r. \u015blubu)<br>2. W int. Alicji, Antoniego i Tomka (od rodzic\u00f3w Olimpii i Adama)<\/td><\/tr><tr><td>20.07 nd.<\/td><td class=\"has-text-align-center\" data-align=\"center\">17:00<\/td><td>\u271e Bart\u0142omiej MATKOWSKI<\/td><\/tr><\/tbody><\/table><\/figure>\n\n\n\n<hr class=\"wp-block-separator has-alpha-channel-opacity\"\/>\n\n\n\n<p style=\"font-size:28px\">Sadk\u00f3w<\/p>\n\n\n\n<figure class=\"wp-block-table is-style-stripes\"><table><thead><tr><th>Data<\/th><th class=\"has-text-align-center\" data-align=\"center\">Godzina<\/th><th>Intencja<\/th><\/tr><\/thead><tbody><tr><td>19.07 sb.<\/td><td class=\"has-text-align-center\" data-align=\"center\">17:00<\/td><td>W int. Haliny i Edwarda HOJNY (55 r. \u015blubu)<\/td><\/tr><tr><td>20.07 nd.<\/td><td class=\"has-text-align-center\" data-align=\"center\">09:30<\/td><td>\u271e\u271e Stefania W\u0142adys\u0142aw SKR\u0118TKOWICZ, \u271e\u271e z rodziny<\/td><\/tr><\/tbody><\/table><\/figure>\n\n\n\n<p><\/p>\n","protected":false},"excerpt":{"rendered":"<p>Intencje mszalne w ko\u015bciele w Jaszkotlu oraz w Sadkowie<\/p>\n","protected":false},"author":1,"featured_media":136,"comment_status":"open","ping_status":"open","sticky":false,"template":"","format":"standard","meta":{"footnotes":""},"categories":[7],"tags":[],"class_list":["post-691","post","type-post","status-publish","format-standard","has-post-thumbnail","hentry","category-intmsz"],"_links":{"self":[{"href":"https:\/\/parafiajaszkotle.pl\/index.php?rest_route=\/wp\/v2\/posts\/691","targetHints":{"allow":["GET"]}}],"collection":[{"href":"https:\/\/parafiajaszkotle.pl\/index.php?rest_route=\/wp\/v2\/posts"}],"about":[{"href":"https:\/\/parafiajaszkotle.pl\/index.php?rest_route=\/wp\/v2\/types\/post"}],"author":[{"embeddable":true,"href":"https:\/\/parafiajaszkotle.pl\/index.php?rest_route=\/wp\/v2\/users\/1"}],"replies":[{"embeddable":true,"href":"https:\/\/parafiajaszkotle.pl\/index.php?rest_route=%2Fwp%2Fv2%2Fcomments&post=691"}],"version-history":[{"count":1,"href":"https:\/\/parafiajaszkotle.pl\/index.php?rest_route=\/wp\/v2\/posts\/691\/revisions"}],"predecessor-version":[{"id":692,"href":"https:\/\/parafiajaszkotle.pl\/index.php?rest_route=\/wp\/v2\/posts\/691\/revisions\/692"}],"wp:featuredmedia":[{"embeddable":true,"href":"https:\/\/parafiajaszkotle.pl\/index.php?rest_route=\/wp\/v2\/media\/136"}],"wp:attachment":[{"href":"https:\/\/parafiajaszkotle.pl\/index.php?rest_route=%2Fwp%2Fv2%2Fmedia&parent=691"}],"wp:term":[{"taxonomy":"category","embeddable":true,"href":"https:\/\/parafiajaszkotle.pl\/index.php?rest_route=%2Fwp%2Fv2%2Fcategories&post=691"},{"taxonomy":"post_tag","embeddable":true,"href":"https:\/\/parafiajaszkotle.pl\/index.php?rest_route=%2Fwp%2Fv2%2Ftags&post=691"}],"curies":[{"name":"wp","href":"https:\/\/api.w.org\/{rel}","templated":true}]}}