{"id":680,"date":"2025-07-07T09:10:58","date_gmt":"2025-07-07T07:10:58","guid":{"rendered":"https:\/\/parafiajaszkotle.pl\/?p=680"},"modified":"2025-07-07T09:10:58","modified_gmt":"2025-07-07T07:10:58","slug":"intencje-21-27-10-2024-2-2-2-2-2-2-2-2-2-2-2-2-2-2-2-2-2-2-2-2-2-2-2-2-2-2-2-2-2-2-2-2-2-2-2-2","status":"publish","type":"post","link":"https:\/\/parafiajaszkotle.pl\/?p=680","title":{"rendered":"Intencje 07-13.07.2025"},"content":{"rendered":"\n<p style=\"font-size:28px\">Jaszkotle<\/p>\n\n\n\n<figure class=\"wp-block-table is-style-stripes\"><table><thead><tr><th>Data<\/th><th class=\"has-text-align-center\" data-align=\"center\">Godzina<\/th><th>Intencja<\/th><\/tr><\/thead><tbody><tr><td>07.07 pn.<\/td><td class=\"has-text-align-center\" data-align=\"center\">18:00<\/td><td>\u271e J\u00f3zef SKIBA<\/td><\/tr><tr><td>08.07 wt.<\/td><td class=\"has-text-align-center\" data-align=\"center\">18:00<\/td><td>\u271e Jan OLSZEWSKI (10 r. \u015bm.)<\/td><\/tr><tr><td>09.07\u015br.<\/td><td class=\"has-text-align-center\" data-align=\"center\">18:00<\/td><td>\u271e Mariusz WITWICKI (3 r. \u015bm.)<\/td><\/tr><tr><td>10.07 cz.<\/td><td class=\"has-text-align-center\" data-align=\"center\">18:00<\/td><td>\u271e\u271e Honorata, J\u00f3zef, Krzysztof LEWANDOWSCY<\/td><\/tr><tr><td>11.07 pt.<\/td><td class=\"has-text-align-center\" data-align=\"center\">18:00<\/td><td>\u271e Henryk KIJANKA (1 r. \u015bm.)<\/td><\/tr><tr><td>12.07 sb.<\/td><td class=\"has-text-align-center\" data-align=\"center\">18:00<\/td><td>\u271e\u271e Marianna, Czes\u0142aw RUDZCY<\/td><\/tr><tr><td>13.07 nd.<\/td><td class=\"has-text-align-center\" data-align=\"center\">08:00<\/td><td>\u271e Irena KOMINEK<\/td><\/tr><tr><td>13.07 nd.<\/td><td class=\"has-text-align-center\" data-align=\"center\">11:30<\/td><td>\u271e\u271e Aniela, Adam LENZ,<br>\u271e\u271e Mieczys\u0142awa, Jan, Rafa\u0142 WIERCI\u0143SCY<\/td><\/tr><tr><td>13.07 nd.<\/td><td class=\"has-text-align-center\" data-align=\"center\">17:00<\/td><td>\u271e Lucyna WYSOCZA\u0143SKA (od mieszka\u0144c\u00f3w Baranowic)<\/td><\/tr><\/tbody><\/table><\/figure>\n\n\n\n<hr class=\"wp-block-separator has-alpha-channel-opacity\"\/>\n\n\n\n<p style=\"font-size:28px\">Sadk\u00f3w<\/p>\n\n\n\n<figure class=\"wp-block-table is-style-stripes\"><table><thead><tr><th>Data<\/th><th class=\"has-text-align-center\" data-align=\"center\">Godzina<\/th><th>Intencja<\/th><\/tr><\/thead><tbody><tr><td>12.07 sb.<\/td><td class=\"has-text-align-center\" data-align=\"center\">17:00<\/td><td>\u271e Bogdan ANDRZEJCZAK (15 r. \u015bm.),<br>\u271e Zdzis\u0142awa ANDRZEJCZAK (1 r. \u015bm.) \u2013 od syn\u00f3w<\/td><\/tr><tr><td>13.07 nd.<\/td><td class=\"has-text-align-center\" data-align=\"center\">09:30<\/td><td>W int. Marii HAJDASZ (90 r. ur.) o zdrowie, Bo\u017ce b\u0142og.<\/td><\/tr><\/tbody><\/table><\/figure>\n\n\n\n<p><\/p>\n","protected":false},"excerpt":{"rendered":"<p>Intencje mszalne w ko\u015bciele w Jaszkotlu oraz w Sadkowie<\/p>\n","protected":false},"author":1,"featured_media":136,"comment_status":"open","ping_status":"open","sticky":false,"template":"","format":"standard","meta":{"footnotes":""},"categories":[7],"tags":[],"class_list":["post-680","post","type-post","status-publish","format-standard","has-post-thumbnail","hentry","category-intmsz"],"_links":{"self":[{"href":"https:\/\/parafiajaszkotle.pl\/index.php?rest_route=\/wp\/v2\/posts\/680","targetHints":{"allow":["GET"]}}],"collection":[{"href":"https:\/\/parafiajaszkotle.pl\/index.php?rest_route=\/wp\/v2\/posts"}],"about":[{"href":"https:\/\/parafiajaszkotle.pl\/index.php?rest_route=\/wp\/v2\/types\/post"}],"author":[{"embeddable":true,"href":"https:\/\/parafiajaszkotle.pl\/index.php?rest_route=\/wp\/v2\/users\/1"}],"replies":[{"embeddable":true,"href":"https:\/\/parafiajaszkotle.pl\/index.php?rest_route=%2Fwp%2Fv2%2Fcomments&post=680"}],"version-history":[{"count":1,"href":"https:\/\/parafiajaszkotle.pl\/index.php?rest_route=\/wp\/v2\/posts\/680\/revisions"}],"predecessor-version":[{"id":682,"href":"https:\/\/parafiajaszkotle.pl\/index.php?rest_route=\/wp\/v2\/posts\/680\/revisions\/682"}],"wp:featuredmedia":[{"embeddable":true,"href":"https:\/\/parafiajaszkotle.pl\/index.php?rest_route=\/wp\/v2\/media\/136"}],"wp:attachment":[{"href":"https:\/\/parafiajaszkotle.pl\/index.php?rest_route=%2Fwp%2Fv2%2Fmedia&parent=680"}],"wp:term":[{"taxonomy":"category","embeddable":true,"href":"https:\/\/parafiajaszkotle.pl\/index.php?rest_route=%2Fwp%2Fv2%2Fcategories&post=680"},{"taxonomy":"post_tag","embeddable":true,"href":"https:\/\/parafiajaszkotle.pl\/index.php?rest_route=%2Fwp%2Fv2%2Ftags&post=680"}],"curies":[{"name":"wp","href":"https:\/\/api.w.org\/{rel}","templated":true}]}}