{"id":670,"date":"2025-06-30T19:42:23","date_gmt":"2025-06-30T17:42:23","guid":{"rendered":"https:\/\/parafiajaszkotle.pl\/?p=670"},"modified":"2025-07-07T09:07:28","modified_gmt":"2025-07-07T07:07:28","slug":"intencje-21-27-10-2024-2-2-2-2-2-2-2-2-2-2-2-2-2-2-2-2-2-2-2-2-2-2-2-2-2-2-2-2-2-2-2-2-2-2-2-2-2","status":"publish","type":"post","link":"https:\/\/parafiajaszkotle.pl\/?p=670","title":{"rendered":"Intencje 30.06-06.07.2025"},"content":{"rendered":"\n<p style=\"font-size:28px\">Jaszkotle<\/p>\n\n\n\n<figure class=\"wp-block-table is-style-stripes\"><table><thead><tr><th>Data<\/th><th class=\"has-text-align-center\" data-align=\"center\">Godzina<\/th><th>Intencja<\/th><\/tr><\/thead><tbody><tr><td>30.06 pn.<\/td><td class=\"has-text-align-center\" data-align=\"center\">18:00<\/td><td>\u271e Ryszard SKULSKI (od Tadeusza Malec z S\u0119dziszowa Ma\u0142opolskiego)<\/td><\/tr><tr><td>01.07 wt.<\/td><td class=\"has-text-align-center\" data-align=\"center\">18:00<\/td><td>\u271e Ryszard TROMSA (1 m-c po \u015bmierci)<\/td><\/tr><tr><td>02.07\u015br.<\/td><td class=\"has-text-align-center\" data-align=\"center\">18:00<\/td><td>\u271e Stanis\u0142awa CHRU\u015aCIEL<\/td><\/tr><tr><td>03.06 cz.<\/td><td class=\"has-text-align-center\" data-align=\"center\">18:00<\/td><td>\u271e Izydor ILNICKI (25 r. \u015bm.)<br>\u271e Emilia ILNICKA (24 r. \u015bm.)<\/td><\/tr><tr><td>04.06 pt.<\/td><td class=\"has-text-align-center\" data-align=\"center\">18:00<\/td><td>\u271e Lucyna WYSOCZA\u0143SKA (od Albiny G\u0105sior ze Skrzydlnej)<\/td><\/tr><tr><td>05.06 sb.<\/td><td class=\"has-text-align-center\" data-align=\"center\">18:00<\/td><td>W int. R\u00f3\u017cy Niepokalanego Serca NMP ZMARLI W UBIEG\u0141YM ROKU<\/td><\/tr><tr><td>06.07 nd.<\/td><td class=\"has-text-align-center\" data-align=\"center\">08:00<\/td><td>\u271e\u271e J\u00f3zef, Tadeusz ADAMCZYK<br>\u271e Jan \u015aLIWKA<\/td><\/tr><tr><td>06.07 nd.<\/td><td class=\"has-text-align-center\" data-align=\"center\">11:30<\/td><td>Intencja wolna<\/td><\/tr><tr><td>06.07 nd.<\/td><td class=\"has-text-align-center\" data-align=\"center\">17:00<\/td><td>\u271e Teresa ILNICKA (1 r. \u015bm.)<\/td><\/tr><\/tbody><\/table><\/figure>\n\n\n\n<hr class=\"wp-block-separator has-alpha-channel-opacity\"\/>\n\n\n\n<p style=\"font-size:28px\">Sadk\u00f3w<\/p>\n\n\n\n<figure class=\"wp-block-table is-style-stripes\"><table><thead><tr><th>Data<\/th><th class=\"has-text-align-center\" data-align=\"center\">Godzina<\/th><th>Intencja<\/th><\/tr><\/thead><tbody><tr><td>05.07 sb.<\/td><td class=\"has-text-align-center\" data-align=\"center\">17:00<\/td><td>\u271e Jan IZDEBSKI (8 mc- po \u015bmierci)<\/td><\/tr><tr><td>06.07 nd.<\/td><td class=\"has-text-align-center\" data-align=\"center\">09:30<\/td><td>\u271e Zofia FIDELUS (11 r. \u015bm.)<\/td><\/tr><\/tbody><\/table><\/figure>\n\n\n\n<p><\/p>\n","protected":false},"excerpt":{"rendered":"<p>Intencje mszalne w ko\u015bciele w Jaszkotlu oraz w Sadkowie<\/p>\n","protected":false},"author":1,"featured_media":136,"comment_status":"open","ping_status":"open","sticky":false,"template":"","format":"standard","meta":{"footnotes":""},"categories":[7],"tags":[],"class_list":["post-670","post","type-post","status-publish","format-standard","has-post-thumbnail","hentry","category-intmsz"],"_links":{"self":[{"href":"https:\/\/parafiajaszkotle.pl\/index.php?rest_route=\/wp\/v2\/posts\/670","targetHints":{"allow":["GET"]}}],"collection":[{"href":"https:\/\/parafiajaszkotle.pl\/index.php?rest_route=\/wp\/v2\/posts"}],"about":[{"href":"https:\/\/parafiajaszkotle.pl\/index.php?rest_route=\/wp\/v2\/types\/post"}],"author":[{"embeddable":true,"href":"https:\/\/parafiajaszkotle.pl\/index.php?rest_route=\/wp\/v2\/users\/1"}],"replies":[{"embeddable":true,"href":"https:\/\/parafiajaszkotle.pl\/index.php?rest_route=%2Fwp%2Fv2%2Fcomments&post=670"}],"version-history":[{"count":2,"href":"https:\/\/parafiajaszkotle.pl\/index.php?rest_route=\/wp\/v2\/posts\/670\/revisions"}],"predecessor-version":[{"id":681,"href":"https:\/\/parafiajaszkotle.pl\/index.php?rest_route=\/wp\/v2\/posts\/670\/revisions\/681"}],"wp:featuredmedia":[{"embeddable":true,"href":"https:\/\/parafiajaszkotle.pl\/index.php?rest_route=\/wp\/v2\/media\/136"}],"wp:attachment":[{"href":"https:\/\/parafiajaszkotle.pl\/index.php?rest_route=%2Fwp%2Fv2%2Fmedia&parent=670"}],"wp:term":[{"taxonomy":"category","embeddable":true,"href":"https:\/\/parafiajaszkotle.pl\/index.php?rest_route=%2Fwp%2Fv2%2Fcategories&post=670"},{"taxonomy":"post_tag","embeddable":true,"href":"https:\/\/parafiajaszkotle.pl\/index.php?rest_route=%2Fwp%2Fv2%2Ftags&post=670"}],"curies":[{"name":"wp","href":"https:\/\/api.w.org\/{rel}","templated":true}]}}