{"id":663,"date":"2025-06-23T10:44:38","date_gmt":"2025-06-23T08:44:38","guid":{"rendered":"https:\/\/parafiajaszkotle.pl\/?p=663"},"modified":"2025-06-23T10:50:48","modified_gmt":"2025-06-23T08:50:48","slug":"intencje-21-27-10-2024-2-2-2-2-2-2-2-2-2-2-2-2-2-2-2-2-2-2-2-2-2-2-2-2-2-2-2-2-2-2-2-2-2-2-2","status":"publish","type":"post","link":"https:\/\/parafiajaszkotle.pl\/?p=663","title":{"rendered":"Intencje 23-29.06.2025"},"content":{"rendered":"\n<p style=\"font-size:28px\">Jaszkotle<\/p>\n\n\n\n<figure class=\"wp-block-table is-style-stripes\"><table><thead><tr><th>Data<\/th><th class=\"has-text-align-center\" data-align=\"center\">Godzina<\/th><th>Intencja<\/th><\/tr><\/thead><tbody><tr><td>23.06 pn.<\/td><td class=\"has-text-align-center\" data-align=\"center\">18:00<\/td><td>W int. Grupy modlitwy \u015bw. O. Pio<\/td><\/tr><tr><td>24.06 wt.<\/td><td class=\"has-text-align-center\" data-align=\"center\">18:00<\/td><td>\u271e Jan KALISZCZAK<\/td><\/tr><tr><td>25.06 \u015br.<\/td><td class=\"has-text-align-center\" data-align=\"center\">18:00<\/td><td>\u271e\u271e Janina (14 r. \u015bm.), Karol RZ\u0118DZIANOWSCY, <br>\u271e\u271e z rodzin: HAWRO i CHMAJ<\/td><\/tr><tr><td>26.06 cz.<\/td><td class=\"has-text-align-center\" data-align=\"center\">18:00<\/td><td>\u271e Czes\u0142aw MAJER (6 m-c od pogrzebu)<\/td><\/tr><tr><td>27.06 pt.<\/td><td class=\"has-text-align-center\" data-align=\"center\">18:00<\/td><td>\u271e\u271e Jadwiga, Stanis\u0142aw STASKOJ\u0106<\/td><\/tr><tr><td>28.06 sb.<\/td><td class=\"has-text-align-center\" data-align=\"center\">18:00<\/td><td>\u271e\u271e Antonina, Kazimierz IWAN\u00d3W,<br>\u271e\u271e Stanis\u0142awa, J\u00f3zef SAWICCY<\/td><\/tr><tr><td>29.06 nd.<\/td><td class=\"has-text-align-center\" data-align=\"center\">08:00<\/td><td>\u271e Ks. W\u0142adys\u0142aw WICHROWICZ (3 r. \u015bm.)<\/td><\/tr><tr><td>29.06 nd.<\/td><td class=\"has-text-align-center\" data-align=\"center\">11:30<\/td><td>1. W int. Piotra i Paw\u0142a GUSZPIT, Piotra KOZ\u0141OWSKIEGO i Piotra PATRYNA<br>2. W int. Przemys\u0142awa DERY\u0141O (40 r. ur.)<\/td><\/tr><tr><td>29.06 nd.<\/td><td class=\"has-text-align-center\" data-align=\"center\">17:00<\/td><td>W int. Emilii i Jakuba (12 r. \u015blubu), w int. dzieci: Jagody i Zosi (8 r. ur.) <br>i o szcz\u0119\u015bliwe rozwi\u0105zanie<\/td><\/tr><\/tbody><\/table><\/figure>\n\n\n\n<hr class=\"wp-block-separator has-alpha-channel-opacity\"\/>\n\n\n\n<p style=\"font-size:28px\">Sadk\u00f3w<\/p>\n\n\n\n<figure class=\"wp-block-table is-style-stripes\"><table><thead><tr><th>Data<\/th><th class=\"has-text-align-center\" data-align=\"center\">Godzina<\/th><th>Intencja<\/th><\/tr><\/thead><tbody><tr><td>28.06 sb.<\/td><td class=\"has-text-align-center\" data-align=\"center\">17:00<\/td><td>W int. Filipa (21 r. ur.), w int. siostry,, Rodzic\u00f3w i Chrzestnych <br>o Bo\u017ce b\u0142og. i dary Ducha \u015aw.<\/td><\/tr><tr><td>29.06 nd.<\/td><td class=\"has-text-align-center\" data-align=\"center\">09:30<\/td><td>W int. R\u00f3\u017cy MB Nieustaj\u0105cej Pomocy<\/td><\/tr><\/tbody><\/table><\/figure>\n\n\n\n<p><\/p>\n","protected":false},"excerpt":{"rendered":"<p>Intencje mszalne w ko\u015bciele w Jaszkotlu oraz w Sadkowie<\/p>\n","protected":false},"author":1,"featured_media":136,"comment_status":"open","ping_status":"open","sticky":false,"template":"","format":"standard","meta":{"footnotes":""},"categories":[7],"tags":[],"class_list":["post-663","post","type-post","status-publish","format-standard","has-post-thumbnail","hentry","category-intmsz"],"_links":{"self":[{"href":"https:\/\/parafiajaszkotle.pl\/index.php?rest_route=\/wp\/v2\/posts\/663","targetHints":{"allow":["GET"]}}],"collection":[{"href":"https:\/\/parafiajaszkotle.pl\/index.php?rest_route=\/wp\/v2\/posts"}],"about":[{"href":"https:\/\/parafiajaszkotle.pl\/index.php?rest_route=\/wp\/v2\/types\/post"}],"author":[{"embeddable":true,"href":"https:\/\/parafiajaszkotle.pl\/index.php?rest_route=\/wp\/v2\/users\/1"}],"replies":[{"embeddable":true,"href":"https:\/\/parafiajaszkotle.pl\/index.php?rest_route=%2Fwp%2Fv2%2Fcomments&post=663"}],"version-history":[{"count":2,"href":"https:\/\/parafiajaszkotle.pl\/index.php?rest_route=\/wp\/v2\/posts\/663\/revisions"}],"predecessor-version":[{"id":668,"href":"https:\/\/parafiajaszkotle.pl\/index.php?rest_route=\/wp\/v2\/posts\/663\/revisions\/668"}],"wp:featuredmedia":[{"embeddable":true,"href":"https:\/\/parafiajaszkotle.pl\/index.php?rest_route=\/wp\/v2\/media\/136"}],"wp:attachment":[{"href":"https:\/\/parafiajaszkotle.pl\/index.php?rest_route=%2Fwp%2Fv2%2Fmedia&parent=663"}],"wp:term":[{"taxonomy":"category","embeddable":true,"href":"https:\/\/parafiajaszkotle.pl\/index.php?rest_route=%2Fwp%2Fv2%2Fcategories&post=663"},{"taxonomy":"post_tag","embeddable":true,"href":"https:\/\/parafiajaszkotle.pl\/index.php?rest_route=%2Fwp%2Fv2%2Ftags&post=663"}],"curies":[{"name":"wp","href":"https:\/\/api.w.org\/{rel}","templated":true}]}}