{"id":653,"date":"2025-06-09T08:11:05","date_gmt":"2025-06-09T06:11:05","guid":{"rendered":"https:\/\/parafiajaszkotle.pl\/?p=653"},"modified":"2025-06-09T08:11:05","modified_gmt":"2025-06-09T06:11:05","slug":"intencje-21-27-10-2024-2-2-2-2-2-2-2-2-2-2-2-2-2-2-2-2-2-2-2-2-2-2-2-2-2-2-2-2-2-2-2-2-2","status":"publish","type":"post","link":"https:\/\/parafiajaszkotle.pl\/?p=653","title":{"rendered":"Intencje 09-15.06.2025"},"content":{"rendered":"\n<p style=\"font-size:28px\">Jaszkotle<\/p>\n\n\n\n<figure class=\"wp-block-table is-style-stripes\"><table><thead><tr><th>Data<\/th><th class=\"has-text-align-center\" data-align=\"center\">Godzina<\/th><th>Intencja<\/th><\/tr><\/thead><tbody><tr><td>09.06 pn.<\/td><td class=\"has-text-align-center\" data-align=\"center\">18:00<\/td><td>\u271e\u271e Jan, Marianna OSAK, \u271e\u271e z rodziny<br>\u271e\u271e Zofia, Bronis\u0142aw ROMAN, \u271e\u271e z rodziny<\/td><\/tr><tr><td>10.06 wt.<\/td><td class=\"has-text-align-center\" data-align=\"center\">18:00<\/td><td>1. \u271e\u271e Zofia, Roman PIOTROWSCY<br>2. W int. Janusza KRASOWSKIEGO o szcz\u0119\u015bliwy przebieg operacji<\/td><\/tr><tr><td>11.06 \u015br.<\/td><td class=\"has-text-align-center\" data-align=\"center\">18:00<\/td><td>\u271e Kazimierz M\u0104CZY\u0143SKI, \u271e\u271e z rodziny, \u271e\u271e przodkowie<\/td><\/tr><tr><td>12.06 cz.<\/td><td class=\"has-text-align-center\" data-align=\"center\">18:00<\/td><td>\u271e Piotr LASKOWSKI (1 r. \u015bm.)<\/td><\/tr><tr><td>13.06 pt.<\/td><td class=\"has-text-align-center\" data-align=\"center\">18:00<\/td><td>\u271e Kazimierz ILSKI (3 r. \u015bm.)<\/td><\/tr><tr><td>14.06 sb.<\/td><td class=\"has-text-align-center\" data-align=\"center\">18:00<\/td><td>\u271e Andrzej SZCZEPA\u0143SKI<\/td><\/tr><tr><td>15.06 nd.<\/td><td class=\"has-text-align-center\" data-align=\"center\">08:00<\/td><td>1. \u271e\u271e z rodzin: POP, \u015aWI\u0118TOCKICH, WIRGA i JELE\u0143<br>2. \u271e Janina BIENIEK (od Leszka i Stefanii Ma\u0142eckich)<br>3. W int. Stanis\u0142awa RADWA\u0143SKIEGO o \u0142ask\u0119 zdrowia (od R\u00f3\u017cy \u015bw. Dominika)<\/td><\/tr><tr><td>15.06 nd.<\/td><td class=\"has-text-align-center\" data-align=\"center\">11:30<\/td><td>1. \u271e\u271e Stefania, Micha\u0142 KARA\u015a, \u271e\u271e Genowefa, Tadeusz OKRUTNI, <br>   \u271e\u271e Stefania, Stefan JAGIE\u0141\u0141O<br>2. \u271e Lucyna WYSOCZA\u0143SKA (OD Ani I Tomka z Krzeszyc)<\/td><\/tr><tr><td>15.06 nd.<\/td><td class=\"has-text-align-center\" data-align=\"center\">17:00<\/td><td>\u271e\u271e Jolanta, Jerzy KOWALCZYK, \u271e Anna<\/td><\/tr><\/tbody><\/table><\/figure>\n\n\n\n<hr class=\"wp-block-separator has-alpha-channel-opacity\"\/>\n\n\n\n<p style=\"font-size:28px\">Sadk\u00f3w<\/p>\n\n\n\n<figure class=\"wp-block-table is-style-stripes\"><table><thead><tr><th>Data<\/th><th class=\"has-text-align-center\" data-align=\"center\">Godzina<\/th><th>Intencja<\/th><\/tr><\/thead><tbody><tr><td>14.06 sb.<\/td><td class=\"has-text-align-center\" data-align=\"center\">17:00<\/td><td>\u271e Jan IZDEBSKI (7 m-c po \u015bmierci)<\/td><\/tr><tr><td>15.06 nd.<\/td><td class=\"has-text-align-center\" data-align=\"center\">09:30<\/td><td>1. \u271e\u271e Piotr Karolina TCHOROWSCY, \u271e brat: Stanis\u0142aw, \u271e Ewa SPECJALSKA<br>2. \u271e\u271e Eugenia, Jan SKR\u0118TKOWICZ, \u271e\u271e z rodzin: SKRABA i SKR\u0118TKOWICZ<\/td><\/tr><\/tbody><\/table><\/figure>\n\n\n\n<p><\/p>\n","protected":false},"excerpt":{"rendered":"<p>Intencje mszalne w ko\u015bciele w Jaszkotlu oraz w Sadkowie<\/p>\n","protected":false},"author":1,"featured_media":136,"comment_status":"open","ping_status":"open","sticky":false,"template":"","format":"standard","meta":{"footnotes":""},"categories":[7],"tags":[],"class_list":["post-653","post","type-post","status-publish","format-standard","has-post-thumbnail","hentry","category-intmsz"],"_links":{"self":[{"href":"https:\/\/parafiajaszkotle.pl\/index.php?rest_route=\/wp\/v2\/posts\/653","targetHints":{"allow":["GET"]}}],"collection":[{"href":"https:\/\/parafiajaszkotle.pl\/index.php?rest_route=\/wp\/v2\/posts"}],"about":[{"href":"https:\/\/parafiajaszkotle.pl\/index.php?rest_route=\/wp\/v2\/types\/post"}],"author":[{"embeddable":true,"href":"https:\/\/parafiajaszkotle.pl\/index.php?rest_route=\/wp\/v2\/users\/1"}],"replies":[{"embeddable":true,"href":"https:\/\/parafiajaszkotle.pl\/index.php?rest_route=%2Fwp%2Fv2%2Fcomments&post=653"}],"version-history":[{"count":1,"href":"https:\/\/parafiajaszkotle.pl\/index.php?rest_route=\/wp\/v2\/posts\/653\/revisions"}],"predecessor-version":[{"id":654,"href":"https:\/\/parafiajaszkotle.pl\/index.php?rest_route=\/wp\/v2\/posts\/653\/revisions\/654"}],"wp:featuredmedia":[{"embeddable":true,"href":"https:\/\/parafiajaszkotle.pl\/index.php?rest_route=\/wp\/v2\/media\/136"}],"wp:attachment":[{"href":"https:\/\/parafiajaszkotle.pl\/index.php?rest_route=%2Fwp%2Fv2%2Fmedia&parent=653"}],"wp:term":[{"taxonomy":"category","embeddable":true,"href":"https:\/\/parafiajaszkotle.pl\/index.php?rest_route=%2Fwp%2Fv2%2Fcategories&post=653"},{"taxonomy":"post_tag","embeddable":true,"href":"https:\/\/parafiajaszkotle.pl\/index.php?rest_route=%2Fwp%2Fv2%2Ftags&post=653"}],"curies":[{"name":"wp","href":"https:\/\/api.w.org\/{rel}","templated":true}]}}