{"id":645,"date":"2025-06-02T13:18:32","date_gmt":"2025-06-02T11:18:32","guid":{"rendered":"https:\/\/parafiajaszkotle.pl\/?p=645"},"modified":"2025-06-02T13:18:32","modified_gmt":"2025-06-02T11:18:32","slug":"intencje-21-27-10-2024-2-2-2-2-2-2-2-2-2-2-2-2-2-2-2-2-2-2-2-2-2-2-2-2-2-2-2-2-2-2-2-2","status":"publish","type":"post","link":"https:\/\/parafiajaszkotle.pl\/?p=645","title":{"rendered":"Intencje 02-08.06.2025"},"content":{"rendered":"\n<p style=\"font-size:28px\">Jaszkotle<\/p>\n\n\n\n<figure class=\"wp-block-table is-style-stripes\"><table><thead><tr><th>Data<\/th><th class=\"has-text-align-center\" data-align=\"center\">Godzina<\/th><th>Intencja<\/th><\/tr><\/thead><tbody><tr><td>02.06 pn.<\/td><td class=\"has-text-align-center\" data-align=\"center\">18:00<\/td><td>W int. Kamila i Marty NIZIO\u0141, w int. dzieci: Jasia i Marysi, <br>w int. Pauliny, \u0141ukasza i Nikodema KRASOWSKICH<\/td><\/tr><tr><td>03.06 wt.<\/td><td class=\"has-text-align-center\" data-align=\"center\">18:00<\/td><td>\u271e Stanis\u0142awa CHRU\u015aCIEL (6 m-c po \u015bmierci)<\/td><\/tr><tr><td>04.06 \u015br.<\/td><td class=\"has-text-align-center\" data-align=\"center\">18:00<\/td><td>Za dusze czy\u015b\u0107cowe<\/td><\/tr><tr><td>05.06 cz.<\/td><td class=\"has-text-align-center\" data-align=\"center\">18:00<\/td><td>\u271e Miros\u0142aw SMAL (10 r. \u015bm.)<\/td><\/tr><tr><td>06.06 pt.<\/td><td class=\"has-text-align-center\" data-align=\"center\">18:00<\/td><td>W int. dzieci o \u0142ask\u0119 wiary, \u015bwiat\u0142o i dary Ducha \u015aw.<\/td><\/tr><tr><td>07.06 sb.<\/td><td class=\"has-text-align-center\" data-align=\"center\">18:00<\/td><td>ZMARLI W UBIEG\u0141YM ROKU<\/td><\/tr><tr><td>08.06 nd.<\/td><td class=\"has-text-align-center\" data-align=\"center\">08:00<\/td><td>W int. Solomiji (26 r. ur.), w int. jej m\u0119\u017ca, Micha\u0142a o Bo\u017ce b\u0142og., <br>opiek\u0119 NMP i wszelkie \u0142aski<\/td><\/tr><tr><td>08.06 nd.<\/td><td class=\"has-text-align-center\" data-align=\"center\">11:30<\/td><td>\u271e\u271e W\u0142odzimiera, Jan KOCUROWSCY,<br>\u271e\u271e Wiktoria, Micha\u0142 BILI\u0143SCY<\/td><\/tr><tr><td>08.06 nd.<\/td><td class=\"has-text-align-center\" data-align=\"center\">17:00<\/td><td>\u271e Teresa ILNICKA<\/td><\/tr><\/tbody><\/table><\/figure>\n\n\n\n<hr class=\"wp-block-separator has-alpha-channel-opacity\"\/>\n\n\n\n<p style=\"font-size:28px\">Sadk\u00f3w<\/p>\n\n\n\n<figure class=\"wp-block-table is-style-stripes\"><table><thead><tr><th>Data<\/th><th class=\"has-text-align-center\" data-align=\"center\">Godzina<\/th><th>Intencja<\/th><\/tr><\/thead><tbody><tr><td>07.06 sb.<\/td><td class=\"has-text-align-center\" data-align=\"center\">17:00<\/td><td>\u271e\u271e Stefania, W\u0142adys\u0142aw, Kazimiera MAGALAS<\/td><\/tr><tr><td>08.06 nd.<\/td><td class=\"has-text-align-center\" data-align=\"center\">09:30<\/td><td>1. \u271e\u271e Emilia, Czes\u0142aw, Micha\u0142, J\u00f3zefa WA\u0141ACH, Kazimierz DANIELEWICZ<br>2. W int. Rodzin Szensztackich<\/td><\/tr><\/tbody><\/table><\/figure>\n\n\n\n<p><\/p>\n","protected":false},"excerpt":{"rendered":"<p>Intencje mszalne w ko\u015bciele w Jaszkotlu oraz w Sadkowie<\/p>\n","protected":false},"author":1,"featured_media":136,"comment_status":"open","ping_status":"open","sticky":false,"template":"","format":"standard","meta":{"footnotes":""},"categories":[7],"tags":[],"class_list":["post-645","post","type-post","status-publish","format-standard","has-post-thumbnail","hentry","category-intmsz"],"_links":{"self":[{"href":"https:\/\/parafiajaszkotle.pl\/index.php?rest_route=\/wp\/v2\/posts\/645","targetHints":{"allow":["GET"]}}],"collection":[{"href":"https:\/\/parafiajaszkotle.pl\/index.php?rest_route=\/wp\/v2\/posts"}],"about":[{"href":"https:\/\/parafiajaszkotle.pl\/index.php?rest_route=\/wp\/v2\/types\/post"}],"author":[{"embeddable":true,"href":"https:\/\/parafiajaszkotle.pl\/index.php?rest_route=\/wp\/v2\/users\/1"}],"replies":[{"embeddable":true,"href":"https:\/\/parafiajaszkotle.pl\/index.php?rest_route=%2Fwp%2Fv2%2Fcomments&post=645"}],"version-history":[{"count":1,"href":"https:\/\/parafiajaszkotle.pl\/index.php?rest_route=\/wp\/v2\/posts\/645\/revisions"}],"predecessor-version":[{"id":646,"href":"https:\/\/parafiajaszkotle.pl\/index.php?rest_route=\/wp\/v2\/posts\/645\/revisions\/646"}],"wp:featuredmedia":[{"embeddable":true,"href":"https:\/\/parafiajaszkotle.pl\/index.php?rest_route=\/wp\/v2\/media\/136"}],"wp:attachment":[{"href":"https:\/\/parafiajaszkotle.pl\/index.php?rest_route=%2Fwp%2Fv2%2Fmedia&parent=645"}],"wp:term":[{"taxonomy":"category","embeddable":true,"href":"https:\/\/parafiajaszkotle.pl\/index.php?rest_route=%2Fwp%2Fv2%2Fcategories&post=645"},{"taxonomy":"post_tag","embeddable":true,"href":"https:\/\/parafiajaszkotle.pl\/index.php?rest_route=%2Fwp%2Fv2%2Ftags&post=645"}],"curies":[{"name":"wp","href":"https:\/\/api.w.org\/{rel}","templated":true}]}}