{"id":403,"date":"2025-01-06T19:36:16","date_gmt":"2025-01-06T18:36:16","guid":{"rendered":"https:\/\/parafiajaszkotle.pl\/?p=403"},"modified":"2025-01-06T19:36:16","modified_gmt":"2025-01-06T18:36:16","slug":"intencje-21-27-10-2024-2-2-2-2-2-2-2-2-2-2-2","status":"publish","type":"post","link":"https:\/\/parafiajaszkotle.pl\/?p=403","title":{"rendered":"Intencje 06-12.01.2025"},"content":{"rendered":"\n<p style=\"font-size:28px\">Jaszkotle<\/p>\n\n\n\n<figure class=\"wp-block-table is-style-stripes\"><table><thead><tr><th>Data<\/th><th class=\"has-text-align-center\" data-align=\"center\">Godzina<\/th><th>Intencja<\/th><\/tr><\/thead><tbody><tr><td>06.01 pn.<\/td><td class=\"has-text-align-center\" data-align=\"center\">08:00<\/td><td>1. W int. Janiny i J\u00f3zefa GUSZPIT (68 r. \u015blubu)<br>2. \u271e J\u00f3zef W\u00d3JCIK (11 r. \u015bm.)<\/td><\/tr><tr><td>06.01 pn.<\/td><td class=\"has-text-align-center\" data-align=\"center\">11:30<\/td><td>W int. Anieli KONOWALCZUK (80 r. ur.)<\/td><\/tr><tr><td>06.01 pn.<\/td><td class=\"has-text-align-center\" data-align=\"center\">17:00<\/td><td>W int. Marty TOMCZYK, o Bo\u017ce b\u0142og. dla niej, jej dziecka, kt\u00f3re nosi pod sercem<br>i m\u0119\u017ca, \u0141ukasza<\/td><\/tr><tr><td>07.01 wt.<\/td><td class=\"has-text-align-center\" data-align=\"center\">15:30<\/td><td>\u271e Maria RADWA\u0143SKA, \u271e\u271e z rodzin: RADWA\u0143SKICH i PIOTROWSKICH<\/td><\/tr><tr><td>08.01 \u015br.<\/td><td class=\"has-text-align-center\" data-align=\"center\">15:30<\/td><td>\u271e El\u017cbieta KRZESI\u0143SKA (1 r. \u015bm.),<br>\u271e\u271e W\u0142adys\u0142awa, Stanis\u0142aw, Leszek JUDA<\/td><\/tr><tr><td>09.01 cz.<\/td><td class=\"has-text-align-center\" data-align=\"center\">15:30<\/td><td>\u271e Henryk MATUSEWICZ (31 r. \u015bm.),<br>\u271e\u271e Pelagia, Jaros\u0142aw MATUSEWICZ<\/td><\/tr><tr><td>10.01 pt.<\/td><td class=\"has-text-align-center\" data-align=\"center\">15:30<\/td><td>W int. Ma\u0142gorzaty i Piotra PATRYN o zdrowie i Bo\u017ce b\u0142og. oraz w int. dzieci<\/td><\/tr><tr><td>11.01 sb.<\/td><td class=\"has-text-align-center\" data-align=\"center\">18:00<\/td><td>ZMARLI W UBIEG\u0141YM ROKU<\/td><\/tr><tr><td>12.01 nd.<\/td><td class=\"has-text-align-center\" data-align=\"center\">08:00<\/td><td>1. W int. Marzeny i Dominika GUSZPIT (38 r. \u015blubu), w int. dzieci i wnuk\u00f3w<br>2. \u271e\u271e Jan, Marianna OSAK, \u271e\u271e Bronis\u0142aw, Zofia ROMAN<\/td><\/tr><tr><td>12.01 nd.<\/td><td class=\"has-text-align-center\" data-align=\"center\">11:30<\/td><td>1. W int. Kasi BURDA (13 r. ur.), w int. siostry \u2013 Julii i rodzic\u00f3w<br>2. W int. Zofii MATKOWSKIEJ z okazji urodzin<\/td><\/tr><tr><td>12.01 nd.<\/td><td class=\"has-text-align-center\" data-align=\"center\">17:00<\/td><td>W int. Mateusza ILNICKIEGO (33 r. ur.), w int. ca\u0142ej rodziny<\/td><\/tr><\/tbody><\/table><\/figure>\n\n\n\n<hr class=\"wp-block-separator has-alpha-channel-opacity\"\/>\n\n\n\n<p style=\"font-size:28px\">Sadk\u00f3w<\/p>\n\n\n\n<figure class=\"wp-block-table is-style-stripes\"><table><thead><tr><th>Data<\/th><th class=\"has-text-align-center\" data-align=\"center\">Godzina<\/th><th>Intencja<\/th><\/tr><\/thead><tbody><tr><td>06.01 pn.<\/td><td class=\"has-text-align-center\" data-align=\"center\">09:30<\/td><td>\u271e\u271e Maria, Stanis\u0142aw DUDA<\/td><\/tr><tr><td>11.01 sb.<\/td><td class=\"has-text-align-center\" data-align=\"center\">17:00<\/td><td>W int. Jadwigi Baranowskiej (65 r. ur.)<\/td><\/tr><tr><td>12.01 nd.<\/td><td class=\"has-text-align-center\" data-align=\"center\">09:30<\/td><td>\u271e Ignacy NOWAK (2 r. \u015bm.)<\/td><\/tr><\/tbody><\/table><\/figure>\n\n\n\n<p><\/p>\n","protected":false},"excerpt":{"rendered":"<p>Intencje mszalne w ko\u015bciele w Jaszkotlu oraz w Sadkowie<\/p>\n","protected":false},"author":1,"featured_media":136,"comment_status":"open","ping_status":"open","sticky":false,"template":"","format":"standard","meta":{"footnotes":""},"categories":[7],"tags":[],"class_list":["post-403","post","type-post","status-publish","format-standard","has-post-thumbnail","hentry","category-intmsz"],"_links":{"self":[{"href":"https:\/\/parafiajaszkotle.pl\/index.php?rest_route=\/wp\/v2\/posts\/403","targetHints":{"allow":["GET"]}}],"collection":[{"href":"https:\/\/parafiajaszkotle.pl\/index.php?rest_route=\/wp\/v2\/posts"}],"about":[{"href":"https:\/\/parafiajaszkotle.pl\/index.php?rest_route=\/wp\/v2\/types\/post"}],"author":[{"embeddable":true,"href":"https:\/\/parafiajaszkotle.pl\/index.php?rest_route=\/wp\/v2\/users\/1"}],"replies":[{"embeddable":true,"href":"https:\/\/parafiajaszkotle.pl\/index.php?rest_route=%2Fwp%2Fv2%2Fcomments&post=403"}],"version-history":[{"count":1,"href":"https:\/\/parafiajaszkotle.pl\/index.php?rest_route=\/wp\/v2\/posts\/403\/revisions"}],"predecessor-version":[{"id":404,"href":"https:\/\/parafiajaszkotle.pl\/index.php?rest_route=\/wp\/v2\/posts\/403\/revisions\/404"}],"wp:featuredmedia":[{"embeddable":true,"href":"https:\/\/parafiajaszkotle.pl\/index.php?rest_route=\/wp\/v2\/media\/136"}],"wp:attachment":[{"href":"https:\/\/parafiajaszkotle.pl\/index.php?rest_route=%2Fwp%2Fv2%2Fmedia&parent=403"}],"wp:term":[{"taxonomy":"category","embeddable":true,"href":"https:\/\/parafiajaszkotle.pl\/index.php?rest_route=%2Fwp%2Fv2%2Fcategories&post=403"},{"taxonomy":"post_tag","embeddable":true,"href":"https:\/\/parafiajaszkotle.pl\/index.php?rest_route=%2Fwp%2Fv2%2Ftags&post=403"}],"curies":[{"name":"wp","href":"https:\/\/api.w.org\/{rel}","templated":true}]}}