{"id":266,"date":"2024-10-17T08:58:24","date_gmt":"2024-10-17T06:58:24","guid":{"rendered":"https:\/\/parafiajaszkotle.pl\/?p=266"},"modified":"2024-10-17T09:00:18","modified_gmt":"2024-10-17T07:00:18","slug":"intencje-14-10-20-10-2024","status":"publish","type":"post","link":"https:\/\/parafiajaszkotle.pl\/?p=266","title":{"rendered":"Intencje 14-20.10.2024"},"content":{"rendered":"\n<p style=\"font-size:28px\">Jaszkotle<\/p>\n\n\n\n<figure class=\"wp-block-table is-style-stripes\"><table><thead><tr><th>Data<\/th><th class=\"has-text-align-center\" data-align=\"center\">Godzina<\/th><th>Intencja<\/th><\/tr><\/thead><tbody><tr><td>14.10 pn.<\/td><td class=\"has-text-align-center\" data-align=\"center\">18:00<\/td><td>W int. Agnieszki i Bartosza ILNICKICH (4 r. \u015blubu)<\/td><\/tr><tr><td>15.10 wt.<\/td><td class=\"has-text-align-center\" data-align=\"center\">18:00<\/td><td>\u271e\u271e Jadwiga, W\u0142adys\u0142aw STASKOJ\u0106<\/td><\/tr><tr><td>16.10 \u015br.<\/td><td class=\"has-text-align-center\" data-align=\"center\">18:00<\/td><td>W int. Panu Bogu wiadomej<\/td><\/tr><tr><td>17.10 cz.<\/td><td class=\"has-text-align-center\" data-align=\"center\">18:00<\/td><td>\u271e Siostra Luka<\/td><\/tr><tr><td>18.10 pt.<\/td><td class=\"has-text-align-center\" data-align=\"center\">18:00<\/td><td>W int. Rodzin Szensztackich<\/td><\/tr><tr><td>19.10 sb.<\/td><td class=\"has-text-align-center\" data-align=\"center\">18:00<\/td><td>\u271e\u271e Maria, Emil BILI\u0143SCY<\/td><\/tr><tr><td>20.10 nd.<\/td><td class=\"has-text-align-center\" data-align=\"center\">08:00<\/td><td>\u271e\u271e Janina, J\u00f3zef, Jan \u015aWI\u0104TKIEWICZ,<br>\u271e Janusz KOWALCZYK,<br>\u271e\u271e Stanis\u0142awa, Lucjan SZCZEPA\u0143SCY<\/td><\/tr><tr><td>20.10 nd.<\/td><td class=\"has-text-align-center\" data-align=\"center\">11:30<\/td><td>\u271e\u271e Aniela, Adam LENZ,<br>\u271e\u271e Mieczys\u0142awa, Rafa\u0142 WIERCI\u0143SCY<\/td><\/tr><tr><td>20.10 nd.<\/td><td class=\"has-text-align-center\" data-align=\"center\">17:00<\/td><td>\u271e Krzysztof KOWALCZYK, \u271e Kazimiera JAKUBCZYK<\/td><\/tr><\/tbody><\/table><\/figure>\n\n\n\n<hr class=\"wp-block-separator has-alpha-channel-opacity\"\/>\n\n\n\n<p style=\"font-size:28px\">Sadk\u00f3w<\/p>\n\n\n\n<figure class=\"wp-block-table is-style-stripes\"><table><thead><tr><th>Data<\/th><th class=\"has-text-align-center\" data-align=\"center\">Godzina<\/th><th>Intencja<\/th><\/tr><\/thead><tbody><tr><td>19.10 sb.<\/td><td class=\"has-text-align-center\" data-align=\"center\">17:00<\/td><td>\u271e Jan SA\u0141ASZNIK, \u271e Zbigniew PELC<\/td><\/tr><tr><td>20.10 nd.<\/td><td class=\"has-text-align-center\" data-align=\"center\">09:30<\/td><td>W int. Agnieszki i Adama (7 r. \u015blubu)<\/td><\/tr><\/tbody><\/table><\/figure>\n\n\n\n<p><\/p>\n","protected":false},"excerpt":{"rendered":"<p>Intencje mszalne w ko\u015bciele w Jaszkotlu oraz w Sadkowie<\/p>\n","protected":false},"author":1,"featured_media":136,"comment_status":"open","ping_status":"closed","sticky":false,"template":"","format":"standard","meta":{"footnotes":""},"categories":[7],"tags":[],"class_list":["post-266","post","type-post","status-publish","format-standard","has-post-thumbnail","hentry","category-intmsz"],"_links":{"self":[{"href":"https:\/\/parafiajaszkotle.pl\/index.php?rest_route=\/wp\/v2\/posts\/266","targetHints":{"allow":["GET"]}}],"collection":[{"href":"https:\/\/parafiajaszkotle.pl\/index.php?rest_route=\/wp\/v2\/posts"}],"about":[{"href":"https:\/\/parafiajaszkotle.pl\/index.php?rest_route=\/wp\/v2\/types\/post"}],"author":[{"embeddable":true,"href":"https:\/\/parafiajaszkotle.pl\/index.php?rest_route=\/wp\/v2\/users\/1"}],"replies":[{"embeddable":true,"href":"https:\/\/parafiajaszkotle.pl\/index.php?rest_route=%2Fwp%2Fv2%2Fcomments&post=266"}],"version-history":[{"count":2,"href":"https:\/\/parafiajaszkotle.pl\/index.php?rest_route=\/wp\/v2\/posts\/266\/revisions"}],"predecessor-version":[{"id":271,"href":"https:\/\/parafiajaszkotle.pl\/index.php?rest_route=\/wp\/v2\/posts\/266\/revisions\/271"}],"wp:featuredmedia":[{"embeddable":true,"href":"https:\/\/parafiajaszkotle.pl\/index.php?rest_route=\/wp\/v2\/media\/136"}],"wp:attachment":[{"href":"https:\/\/parafiajaszkotle.pl\/index.php?rest_route=%2Fwp%2Fv2%2Fmedia&parent=266"}],"wp:term":[{"taxonomy":"category","embeddable":true,"href":"https:\/\/parafiajaszkotle.pl\/index.php?rest_route=%2Fwp%2Fv2%2Fcategories&post=266"},{"taxonomy":"post_tag","embeddable":true,"href":"https:\/\/parafiajaszkotle.pl\/index.php?rest_route=%2Fwp%2Fv2%2Ftags&post=266"}],"curies":[{"name":"wp","href":"https:\/\/api.w.org\/{rel}","templated":true}]}}