{"id":261,"date":"2024-10-07T10:13:43","date_gmt":"2024-10-07T08:13:43","guid":{"rendered":"https:\/\/parafiajaszkotle.pl\/?p=261"},"modified":"2024-10-17T09:00:37","modified_gmt":"2024-10-17T07:00:37","slug":"intencje-07-10-13-10-2024","status":"publish","type":"post","link":"https:\/\/parafiajaszkotle.pl\/?p=261","title":{"rendered":"Intencje 07-13.10.2024"},"content":{"rendered":"\n<p style=\"font-size:28px\">Jaszkotle<\/p>\n\n\n\n<figure class=\"wp-block-table is-style-stripes\"><table><thead><tr><th>Data<\/th><th class=\"has-text-align-center\" data-align=\"center\">Godzina<\/th><th>Intencja<\/th><\/tr><\/thead><tbody><tr><td>07.10 pn.<\/td><td class=\"has-text-align-center\" data-align=\"center\">18:00<\/td><td>W int. R\u00f3\u017cy Matki Bo\u017cej R\u00f3\u017ca\u0144cowej<\/td><\/tr><tr><td>08.10 wt.<\/td><td class=\"has-text-align-center\" data-align=\"center\">18:00<\/td><td>W int. Ma\u0142gorzaty i Piotra PATRYN (32 r. \u015blubu)<\/td><\/tr><tr><td>09.10 \u015br.<\/td><td class=\"has-text-align-center\" data-align=\"center\">18:00<\/td><td>W int. Zofii MOSZKOWICZ z okazji urodzin<\/td><\/tr><tr><td>10.10 cz.<\/td><td class=\"has-text-align-center\" data-align=\"center\">18:00<\/td><td>\u271e\u271e Julia, Edward, Rudolf, J\u00f3zef MAJER<\/td><\/tr><tr><td>11.10 pt.<\/td><td class=\"has-text-align-center\" data-align=\"center\">18:00<\/td><td>\u271e\u271e Tekla, Micha\u0142 KOMARNICCY<br>\u271e J\u00f3zef BILI\u0143SKI<\/td><\/tr><tr><td>12.10 sb.<\/td><td class=\"has-text-align-center\" data-align=\"center\">18:00<\/td><td>ZMARLI Z UBIEG\u0141EGO ROKU<\/td><\/tr><tr><td>13.10 nd.<\/td><td class=\"has-text-align-center\" data-align=\"center\">08:00<\/td><td>\u271e\u271e Joanna, Zofia, Micha\u0142 MATKOWSCY<\/td><\/tr><tr><td>13.10 nd.<\/td><td class=\"has-text-align-center\" data-align=\"center\">11:30<\/td><td>\u271e\u271e Rita, Zdzis\u0142aw KRUTUL<\/td><\/tr><tr><td>13.10 nd.<\/td><td class=\"has-text-align-center\" data-align=\"center\">17:00<\/td><td>W int. Adriana CICHY (40 r. ur.)<\/td><\/tr><\/tbody><\/table><\/figure>\n\n\n\n<hr class=\"wp-block-separator has-alpha-channel-opacity\"\/>\n\n\n\n<p style=\"font-size:28px\">Sadk\u00f3w<\/p>\n\n\n\n<figure class=\"wp-block-table is-style-stripes\"><table><thead><tr><th>Data<\/th><th class=\"has-text-align-center\" data-align=\"center\">Godzina<\/th><th>Intencja<\/th><\/tr><\/thead><tbody><tr><td>12.10 sb.<\/td><td class=\"has-text-align-center\" data-align=\"center\">17:00<\/td><td>O zdrowie dla Jana<\/td><\/tr><tr><td>13.10 nd.<\/td><td class=\"has-text-align-center\" data-align=\"center\">13:00<\/td><td>ODPUST KU CZCI \u015aW. JADWIGI<br>\u271e\u271e Danuta, Edward JAWORSCY<\/td><\/tr><\/tbody><\/table><\/figure>\n\n\n\n<p><\/p>\n","protected":false},"excerpt":{"rendered":"<p>Intencje mszalne w ko\u015bciele w Jaszkotlu oraz w Sadkowie<\/p>\n","protected":false},"author":1,"featured_media":136,"comment_status":"open","ping_status":"closed","sticky":false,"template":"","format":"standard","meta":{"footnotes":""},"categories":[7],"tags":[],"class_list":["post-261","post","type-post","status-publish","format-standard","has-post-thumbnail","hentry","category-intmsz"],"_links":{"self":[{"href":"https:\/\/parafiajaszkotle.pl\/index.php?rest_route=\/wp\/v2\/posts\/261","targetHints":{"allow":["GET"]}}],"collection":[{"href":"https:\/\/parafiajaszkotle.pl\/index.php?rest_route=\/wp\/v2\/posts"}],"about":[{"href":"https:\/\/parafiajaszkotle.pl\/index.php?rest_route=\/wp\/v2\/types\/post"}],"author":[{"embeddable":true,"href":"https:\/\/parafiajaszkotle.pl\/index.php?rest_route=\/wp\/v2\/users\/1"}],"replies":[{"embeddable":true,"href":"https:\/\/parafiajaszkotle.pl\/index.php?rest_route=%2Fwp%2Fv2%2Fcomments&post=261"}],"version-history":[{"count":2,"href":"https:\/\/parafiajaszkotle.pl\/index.php?rest_route=\/wp\/v2\/posts\/261\/revisions"}],"predecessor-version":[{"id":273,"href":"https:\/\/parafiajaszkotle.pl\/index.php?rest_route=\/wp\/v2\/posts\/261\/revisions\/273"}],"wp:featuredmedia":[{"embeddable":true,"href":"https:\/\/parafiajaszkotle.pl\/index.php?rest_route=\/wp\/v2\/media\/136"}],"wp:attachment":[{"href":"https:\/\/parafiajaszkotle.pl\/index.php?rest_route=%2Fwp%2Fv2%2Fmedia&parent=261"}],"wp:term":[{"taxonomy":"category","embeddable":true,"href":"https:\/\/parafiajaszkotle.pl\/index.php?rest_route=%2Fwp%2Fv2%2Fcategories&post=261"},{"taxonomy":"post_tag","embeddable":true,"href":"https:\/\/parafiajaszkotle.pl\/index.php?rest_route=%2Fwp%2Fv2%2Ftags&post=261"}],"curies":[{"name":"wp","href":"https:\/\/api.w.org\/{rel}","templated":true}]}}