{"id":252,"date":"2024-09-23T08:35:01","date_gmt":"2024-09-23T06:35:01","guid":{"rendered":"https:\/\/parafiajaszkotle.pl\/?p=252"},"modified":"2024-09-23T08:35:01","modified_gmt":"2024-09-23T06:35:01","slug":"intencje-23-29-09-2024","status":"publish","type":"post","link":"https:\/\/parafiajaszkotle.pl\/?p=252","title":{"rendered":"Intencje 23-29.09.2024"},"content":{"rendered":"\n<p style=\"font-size:28px\">Jaszkotle<\/p>\n\n\n\n<figure class=\"wp-block-table is-style-stripes\"><table><thead><tr><th>Data<\/th><th class=\"has-text-align-center\" data-align=\"center\">Godzina<\/th><th>Intencja<\/th><\/tr><\/thead><tbody><tr><td>23.09 pn.<\/td><td class=\"has-text-align-center\" data-align=\"center\">18:00<\/td><td>W int. Grupy \u015bw. O. Pio<\/td><\/tr><tr><td>24.09 wt.<\/td><td class=\"has-text-align-center\" data-align=\"center\">18:00<\/td><td>\u271e\u271e Teresa, Tadeusz W\u0118GLARZ<\/td><\/tr><tr><td>25.09 \u015br.<\/td><td class=\"has-text-align-center\" data-align=\"center\">18:00<\/td><td>\u271e Jan WALCZAK (od Janiny Kocur z K\u0105kol\u00f3wki)<\/td><\/tr><tr><td>26.09 cz.<\/td><td class=\"has-text-align-center\" data-align=\"center\">18:00<\/td><td>\u271e W\u0142adys\u0142aw K\u0118DZIOR (od R\u00f3\u017cy \u015bw. Maksymiliana)<\/td><\/tr><tr><td>27.09 pt.<\/td><td class=\"has-text-align-center\" data-align=\"center\">18:00<\/td><td>\u271e Kazimierz DWOJAK<\/td><\/tr><tr><td>28.09 sb.<\/td><td class=\"has-text-align-center\" data-align=\"center\">18:00<\/td><td>\u271e Czes\u0142aw WRONA (6 r. \u015bm.)<\/td><\/tr><tr><td>29.09 nd.<\/td><td class=\"has-text-align-center\" data-align=\"center\">08:00<\/td><td>\u271e Jan KONOWALCZUK (4 r.\u015bm.)<\/td><\/tr><tr><td>29.09 nd.<\/td><td class=\"has-text-align-center\" data-align=\"center\">11:30<\/td><td>W int. Aliny i Piotra (20 r. \u015blubu), w int. dzieci<\/td><\/tr><tr><td>29.09 nd.<\/td><td class=\"has-text-align-center\" data-align=\"center\">17:00<\/td><td>\u271e Jan OLSZEWSKI<\/td><\/tr><\/tbody><\/table><\/figure>\n\n\n\n<hr class=\"wp-block-separator has-alpha-channel-opacity\"\/>\n\n\n\n<p style=\"font-size:28px\">Sadk\u00f3w<\/p>\n\n\n\n<figure class=\"wp-block-table is-style-stripes\"><table><thead><tr><th>Data<\/th><th class=\"has-text-align-center\" data-align=\"center\">Godzina<\/th><th>Intencja<\/th><\/tr><\/thead><tbody><tr><td>28.09 sb.<\/td><td class=\"has-text-align-center\" data-align=\"center\">17:00<\/td><td>\u271e\u271e Katarzyna, Micha\u0142 ILNICCY<br>\u271e\u271e Sabina, Mieczys\u0142aw CZERWI\u0143SCY<\/td><\/tr><tr><td>29.09 nd.<\/td><td class=\"has-text-align-center\" data-align=\"center\">09:30<\/td><td>W int. Ma\u0142gorzaty i Artura KLIMOWICZ (19 r. \u015blubu.), <br>w int. dzieci: Jakuba, Wojtka i Tymka<\/td><\/tr><\/tbody><\/table><\/figure>\n\n\n\n<p><\/p>\n","protected":false},"excerpt":{"rendered":"<p>Intencje mszalne w ko\u015bciele w Jaszkotlu oraz w Sadkowie<\/p>\n","protected":false},"author":1,"featured_media":136,"comment_status":"open","ping_status":"closed","sticky":false,"template":"","format":"standard","meta":{"footnotes":""},"categories":[7],"tags":[],"class_list":["post-252","post","type-post","status-publish","format-standard","has-post-thumbnail","hentry","category-intmsz"],"_links":{"self":[{"href":"https:\/\/parafiajaszkotle.pl\/index.php?rest_route=\/wp\/v2\/posts\/252","targetHints":{"allow":["GET"]}}],"collection":[{"href":"https:\/\/parafiajaszkotle.pl\/index.php?rest_route=\/wp\/v2\/posts"}],"about":[{"href":"https:\/\/parafiajaszkotle.pl\/index.php?rest_route=\/wp\/v2\/types\/post"}],"author":[{"embeddable":true,"href":"https:\/\/parafiajaszkotle.pl\/index.php?rest_route=\/wp\/v2\/users\/1"}],"replies":[{"embeddable":true,"href":"https:\/\/parafiajaszkotle.pl\/index.php?rest_route=%2Fwp%2Fv2%2Fcomments&post=252"}],"version-history":[{"count":1,"href":"https:\/\/parafiajaszkotle.pl\/index.php?rest_route=\/wp\/v2\/posts\/252\/revisions"}],"predecessor-version":[{"id":253,"href":"https:\/\/parafiajaszkotle.pl\/index.php?rest_route=\/wp\/v2\/posts\/252\/revisions\/253"}],"wp:featuredmedia":[{"embeddable":true,"href":"https:\/\/parafiajaszkotle.pl\/index.php?rest_route=\/wp\/v2\/media\/136"}],"wp:attachment":[{"href":"https:\/\/parafiajaszkotle.pl\/index.php?rest_route=%2Fwp%2Fv2%2Fmedia&parent=252"}],"wp:term":[{"taxonomy":"category","embeddable":true,"href":"https:\/\/parafiajaszkotle.pl\/index.php?rest_route=%2Fwp%2Fv2%2Fcategories&post=252"},{"taxonomy":"post_tag","embeddable":true,"href":"https:\/\/parafiajaszkotle.pl\/index.php?rest_route=%2Fwp%2Fv2%2Ftags&post=252"}],"curies":[{"name":"wp","href":"https:\/\/api.w.org\/{rel}","templated":true}]}}