{"id":127,"date":"2024-07-24T11:08:04","date_gmt":"2024-07-24T09:08:04","guid":{"rendered":"http:\/\/parafiajaszkotle.pl\/?p=127"},"modified":"2024-07-24T11:27:35","modified_gmt":"2024-07-24T09:27:35","slug":"intencje-22-28-07-2024","status":"publish","type":"post","link":"https:\/\/parafiajaszkotle.pl\/?p=127","title":{"rendered":"Intencje 22-28.07.2024"},"content":{"rendered":"\n<p style=\"font-size:28px\">Jaszkotle<\/p>\n\n\n\n<figure class=\"wp-block-table is-style-stripes\"><table><thead><tr><th>Data<\/th><th>Godzina<\/th><th>Intencja<\/th><\/tr><\/thead><tbody><tr><td>22.07 pn.<\/td><td>18:00<\/td><td>\u271e Zdzis\u0142aw SZALAK, + Aniela SALA<br>\u271e Stanis\u0142awa, Karol SZALAK (w rocznice \u015bmierci)<\/td><\/tr><tr><td>23.07 wt.<\/td><td>18:00<\/td><td>W int. Grupy Modlitwy \u015bw. O. Pio<\/td><\/tr><tr><td>24.07 \u015br.<\/td><td>18:00<\/td><td>\u271e Jan WALCZAK (od Heleny Winiarskiej z Dynowa)<\/td><\/tr><tr><td>25.07 czw.<\/td><td>18:00<\/td><td>\u271e Kazimiera, Ryszard, Jadwiga SENDERSCY,<br>\u271e Rudolf, Katarzyna SMULSCY<\/td><\/tr><tr><td>26.07 pt.<\/td><td>18:00<\/td><td>W int. Anny z okazji urodzin i imienin i w int. ca\u0142ej rodziny<\/td><\/tr><tr><td>27.07 sb.<\/td><td>18:00<\/td><td>\u271e Leszek Stanis\u0142aw PETRUS (w rocznic\u0119 \u015bmierci)<\/td><\/tr><tr><td>28.07 nd.<\/td><td>08:00<\/td><td>W int. Pauliny i Dawida GUSZPIT (8 r. \u015blubu) i w int. Wiktorii (2 r. ur.)<\/td><\/tr><tr><td>28.07 nd.<\/td><td>11:30<\/td><td>1. \u271e Marian KOSZYKOWSKI (30 r. \u015bm.), \u271e Ewa BARYLAK, J\u00f3zef BATOR, \u271e\u271e z rodzin: KOSZYKOWSKICH, BATOR i BARYLAK<br>2. \u271e Teresa ILNICKA<\/td><\/tr><tr><td>28.07 nd.<\/td><td>17:00<\/td><td>\u271e Krzysztof OSAK, \u271e\u271e z rodzin: OSAK i ZAJ\u0104C<\/td><\/tr><\/tbody><\/table><\/figure>\n\n\n\n<hr class=\"wp-block-separator has-alpha-channel-opacity\"\/>\n\n\n\n<p style=\"font-size:28px\">Sadk\u00f3w<\/p>\n\n\n\n<figure class=\"wp-block-table is-style-stripes\"><table><thead><tr><th>Data<\/th><th>Godzina<\/th><th>Intencja<\/th><\/tr><\/thead><tbody><tr><td>27.07 sb.<\/td><td>17:00<\/td><td>\u271e Teodora, Franciszek HEMER (w rocznic\u0119 \u015bmierci)<\/td><\/tr><tr><td>28.07 nd.<\/td><td>09:30<\/td><td>W int. Marysi KOMARNICKIEJ (10 r. ur.)<\/td><\/tr><\/tbody><\/table><\/figure>\n\n\n\n<p><\/p>\n","protected":false},"excerpt":{"rendered":"<p>Intencje mszalne w ko\u015bciele w Jaszkotlu oraz w Sadkowie<\/p>\n","protected":false},"author":1,"featured_media":136,"comment_status":"closed","ping_status":"closed","sticky":false,"template":"","format":"standard","meta":{"footnotes":""},"categories":[7],"tags":[],"class_list":["post-127","post","type-post","status-publish","format-standard","has-post-thumbnail","hentry","category-intmsz"],"_links":{"self":[{"href":"https:\/\/parafiajaszkotle.pl\/index.php?rest_route=\/wp\/v2\/posts\/127","targetHints":{"allow":["GET"]}}],"collection":[{"href":"https:\/\/parafiajaszkotle.pl\/index.php?rest_route=\/wp\/v2\/posts"}],"about":[{"href":"https:\/\/parafiajaszkotle.pl\/index.php?rest_route=\/wp\/v2\/types\/post"}],"author":[{"embeddable":true,"href":"https:\/\/parafiajaszkotle.pl\/index.php?rest_route=\/wp\/v2\/users\/1"}],"replies":[{"embeddable":true,"href":"https:\/\/parafiajaszkotle.pl\/index.php?rest_route=%2Fwp%2Fv2%2Fcomments&post=127"}],"version-history":[{"count":5,"href":"https:\/\/parafiajaszkotle.pl\/index.php?rest_route=\/wp\/v2\/posts\/127\/revisions"}],"predecessor-version":[{"id":133,"href":"https:\/\/parafiajaszkotle.pl\/index.php?rest_route=\/wp\/v2\/posts\/127\/revisions\/133"}],"wp:featuredmedia":[{"embeddable":true,"href":"https:\/\/parafiajaszkotle.pl\/index.php?rest_route=\/wp\/v2\/media\/136"}],"wp:attachment":[{"href":"https:\/\/parafiajaszkotle.pl\/index.php?rest_route=%2Fwp%2Fv2%2Fmedia&parent=127"}],"wp:term":[{"taxonomy":"category","embeddable":true,"href":"https:\/\/parafiajaszkotle.pl\/index.php?rest_route=%2Fwp%2Fv2%2Fcategories&post=127"},{"taxonomy":"post_tag","embeddable":true,"href":"https:\/\/parafiajaszkotle.pl\/index.php?rest_route=%2Fwp%2Fv2%2Ftags&post=127"}],"curies":[{"name":"wp","href":"https:\/\/api.w.org\/{rel}","templated":true}]}}