{"id":1267,"date":"2026-08-31T11:17:37","date_gmt":"2026-08-31T09:17:37","guid":{"rendered":"https:\/\/parafiajaszkotle.pl\/?p=1267"},"modified":"2026-08-31T11:17:37","modified_gmt":"2026-08-31T09:17:37","slug":"ogloszenia-21-27-10-2024-2-2-2-2-2-2-2-2-2-2-2-2-2-2-2-2-2-2-2-2-2-2-2-2-2-2-2-2-2-2-2-2-2-2-2-2-2-2-2-2-2-2-2-2-2-2-2-2-2-2-2-2-2-2-2-2-2-2-2-2-2-2-2-2-2-2-2-2-2-2-2-2-2-2-2-2-2-2-2-2-2-2-2-2-2-2-1-2","status":"publish","type":"post","link":"https:\/\/parafiajaszkotle.pl\/?p=1267","title":{"rendered":"Og\u0142oszenia 31.08 &#8211; 06.09.2026"},"content":{"rendered":"\n<figure class=\"wp-block-table is-style-stripes\"><table><tbody><tr><td>1<\/td><td>Dzi\u015b prze\u017cywamy <strong>22 Niedziel\u0119 Zwyk\u0142\u0105<\/strong><\/td><\/tr><tr><td>2<\/td><td>Intencje mszalne <a href=\"https:\/\/parafiajaszkotle.pl\/?p=1265\" data-type=\"link\" data-id=\"http:\/\/llfzztv.cluster029.hosting.ovh.net\/?p=191\">tutaj<\/a><\/td><\/tr><tr><td>3<\/td><td>We wtorek, po Mszy \u015aw. wieczornej \u2013 nabo\u017ce\u0144stwo do MB Wspomo\u017cycielki Wiernych.<\/td><\/tr><tr><td>4<\/td><td>Zwi\u0105zek ma\u0142\u017ce\u0144ski maj\u0105 zamiar zawrze\u0107:<br>&#8211; Micha\u0142 \u017bYGAD\u0141O i Katarzyna RUCHEL (zapowied\u017a 3)<\/td><\/tr><tr><td>5<\/td><td>W dzisiejsz\u0105 niedziel\u0119, 30 sierpnia, dzi\u0119kujemy za tegoroczne plony. Msze \u015bw. \u201edo\u017cynkowe\u201d z pob\u0142ogos\u0142awieniem wie\u0144c\u00f3w: w Sadkowie (godz.9.30), w Jaszkotlu (godz. 11.30). Po Mszy \u015bw. o godz. 11.30 \u2013 pocz\u0119stunek przy ko\u015bciele. Serdecznie zapraszamy.<\/td><\/tr><tr><td>6<\/td><td>W pi\u0105tek, 4 wrze\u015bnia, od godz. 17.30 okazja do spowiedzi \u015bw. z racji I pi\u0105tku miesi\u0105ca. W tym dniu nie b\u0119dzie odwiedzin chorych.<\/td><\/tr><tr><td>7<\/td><td>Zmiana tajemnic \u017bywego R\u00f3\u017ca\u0144ca: w Jaszkotlu (sobota, 5 wrze\u015bnia, godz. 18.00, wraz z nabo\u017ce\u0144stwem I soboty miesi\u0105ca); w Sadkowie (niedziela, 6 wrze\u015bnia, godz. 9.30).<\/td><\/tr><tr><td>8<\/td><td>W kolejn\u0105 niedziel\u0119, 6 wrze\u015bnia, b\u0142ogos\u0142awie\u0144stwo plecak\u00f3w z racji rozpocz\u0119cia nowego roku szkolnego i katechetycznego, podczas Mszy \u015bw. o godz. 11.30 w Jaszkotlu.<\/td><\/tr><tr><td>9<\/td><td>Trwa si\u0119 remont naszego zabytkowego konfesjona\u0142u. Bardzo prosimy o wsparcie tego dzie\u0142a kt\u00f3re, mamy nadziej\u0119, zako\u0144czy si\u0119 takim samym sukcesem jak remont o\u0142tarza. Wi\u0119cej informacji <a href=\"https:\/\/parafiajaszkotle.pl\/?p=1053\" data-type=\"post\" data-id=\"1053\">tutaj<\/a>. <span style=\"text-decoration: underline;\">Termin rozliczenia up\u0142ywa w pa\u017adzierniku wi\u0119c czasu pozostaje coraz mniej, a kwota pozosta\u0142a do zebrania jest spora.<\/span> Do tej pory uzbierano 31 841,00 z\u0142. Dzi\u0119kujemy!<\/td><\/tr><\/tbody><\/table><\/figure>\n\n\n\n<hr class=\"wp-block-separator has-alpha-channel-opacity\"\/>\n\n\n\n<figure class=\"wp-block-table is-style-stripes\"><table><tbody><tr><td>1<\/td><td class=\"has-text-align-left\" data-align=\"left\">Dzi\u0119kuj\u0119 osobom zaanga\u017cowanym w trosk\u0119 o porz\u0105dek w naszej \u015bwi\u0105tyni w ubieg\u0142ym tygodniu.<br><br>Sprz\u0105tanie \u015bwi\u0105tyni zwykle odbywa si\u0119 w soboty w godzinach przedpo\u0142udniowych, chyba \u017ce poproszone o to osoby, um\u00f3wi\u0105 si\u0119 na inny, dogodny dla nich termin. Dzi\u0119kuj\u0119 jednocze\u015bnie wszystkim, kt\u00f3rzy przez ca\u0142y rok troszcz\u0105 si\u0119 o porz\u0105dek w \u015bwi\u0105tyni i jej obej\u015bciu, a tak\u017ce tym, kt\u00f3rzy przy okazji sprz\u0105tania \u015bwi\u0105tyni sk\u0142adaj\u0105 ofiary na kwiaty i inne dekoracje.<\/td><\/tr><tr><td>2<\/td><td class=\"has-text-align-left\" data-align=\"left\">Prosz\u0119, by o porz\u0105dek w naszej \u015bwi\u0105tyni w tym tygodniu zechcieli zatroszczy\u0107 si\u0119:<br>&#8211; p. Monika TOWARNICKA (Nowa Wie\u015b Wroc\u0142awska)<br>&#8211; p. Rafa\u0142 GRYGIEL (Nowa Wie\u015b Wroc\u0142awska)<br>&#8211; pp. Helena, Stefan ILNICCY(Nowa Wie\u015b Wroc\u0142awska)<br>&#8211; pp. Lucyna, Zdzis\u0142aw OSTOJSCY (Nowa Wie\u015b Wroc\u0142awska)<\/td><\/tr><tr><td>3<\/td><td class=\"has-text-align-left\" data-align=\"left\">Bardzo dzi\u0119kuj\u0119 za modlitw\u0119 i wszystkie dary serca sk\u0142adane na potrzeby naszej wsp\u00f3lnoty parafialnej, r\u00f3wnie\u017c wszystkim anonimowym darczy\u0144com.<\/td><\/tr><\/tbody><\/table><\/figure>\n\n\n\n<p class=\"wp-block-paragraph\"><\/p>\n","protected":false},"excerpt":{"rendered":"<p>Og\u0142oszenia prafialne<\/p>\n","protected":false},"author":1,"featured_media":117,"comment_status":"open","ping_status":"open","sticky":false,"template":"","format":"standard","meta":{"ngg_post_thumbnail":0,"footnotes":""},"categories":[6],"tags":[],"class_list":["post-1267","post","type-post","status-publish","format-standard","has-post-thumbnail","hentry","category-ogpar"],"_links":{"self":[{"href":"https:\/\/parafiajaszkotle.pl\/index.php?rest_route=\/wp\/v2\/posts\/1267","targetHints":{"allow":["GET"]}}],"collection":[{"href":"https:\/\/parafiajaszkotle.pl\/index.php?rest_route=\/wp\/v2\/posts"}],"about":[{"href":"https:\/\/parafiajaszkotle.pl\/index.php?rest_route=\/wp\/v2\/types\/post"}],"author":[{"embeddable":true,"href":"https:\/\/parafiajaszkotle.pl\/index.php?rest_route=\/wp\/v2\/users\/1"}],"replies":[{"embeddable":true,"href":"https:\/\/parafiajaszkotle.pl\/index.php?rest_route=%2Fwp%2Fv2%2Fcomments&post=1267"}],"version-history":[{"count":1,"href":"https:\/\/parafiajaszkotle.pl\/index.php?rest_route=\/wp\/v2\/posts\/1267\/revisions"}],"predecessor-version":[{"id":1268,"href":"https:\/\/parafiajaszkotle.pl\/index.php?rest_route=\/wp\/v2\/posts\/1267\/revisions\/1268"}],"wp:featuredmedia":[{"embeddable":true,"href":"https:\/\/parafiajaszkotle.pl\/index.php?rest_route=\/wp\/v2\/media\/117"}],"wp:attachment":[{"href":"https:\/\/parafiajaszkotle.pl\/index.php?rest_route=%2Fwp%2Fv2%2Fmedia&parent=1267"}],"wp:term":[{"taxonomy":"category","embeddable":true,"href":"https:\/\/parafiajaszkotle.pl\/index.php?rest_route=%2Fwp%2Fv2%2Fcategories&post=1267"},{"taxonomy":"post_tag","embeddable":true,"href":"https:\/\/parafiajaszkotle.pl\/index.php?rest_route=%2Fwp%2Fv2%2Ftags&post=1267"}],"curies":[{"name":"wp","href":"https:\/\/api.w.org\/{rel}","templated":true}]}}