{"id":1035,"date":"2026-04-27T11:40:59","date_gmt":"2026-04-27T09:40:59","guid":{"rendered":"https:\/\/parafiajaszkotle.pl\/?p=1035"},"modified":"2026-04-27T11:40:59","modified_gmt":"2026-04-27T09:40:59","slug":"ogloszenia-21-27-10-2024-2-2-2-2-2-2-2-2-2-2-2-2-2-2-2-2-2-2-2-2-2-2-2-2-2-2-2-2-2-2-2-2-2-2-2-2-2-2-2-2-2-2-2-2-2-2-2-2-2-2-2-2-2-2-2-2-2-2-2-2-2-2-2-2-2-2-2-2-2-2-2-2-2-2-2-2-2-2-2","status":"publish","type":"post","link":"https:\/\/parafiajaszkotle.pl\/?p=1035","title":{"rendered":"Og\u0142oszenia 27.04-03.05.2026"},"content":{"rendered":"\n<figure class=\"wp-block-table is-style-stripes\"><table><tbody><tr><td>1<\/td><td>Dzi\u015b prze\u017cywamy <strong>4 Niedziel\u0119 Wielkanocn\u0105.<\/strong><\/td><\/tr><tr><td>2<\/td><td>Intencje mszalne <a href=\"https:\/\/parafiajaszkotle.pl\/?p=1033\" data-type=\"link\" data-id=\"http:\/\/llfzztv.cluster029.hosting.ovh.net\/?p=191\">tutaj<\/a><\/td><\/tr><tr><td>3<\/td><td>We wtorek, po Mszy \u015aw. wieczornej \u2013 nabo\u017ce\u0144stwo do MB Wspomo\u017cycielki Wiernych.<\/td><\/tr><tr><td>4<\/td><td>Zwi\u0105zek ma\u0142\u017ce\u0144ski maj\u0105 zamiar zawrze\u0107:<br>J\u0119drzej GARKUSZENKO i Klaudia BIELAK (zapowied\u017a 1)<br>Wojciech KLIMINTOWICZ i Dominika KACZOR (zapowied\u017a 1)<\/td><\/tr><tr><td>5<\/td><td>W pi\u0105tek, 1 maja:<br>odwiedziny chorych od godz. 9.00<br>okazja do spowiedzi \u015bw. z racji I pi\u0105tku miesi\u0105ca godz. 17.30-18.00<\/td><\/tr><tr><td>6<\/td><td>W sobot\u0119, 2 maja przypada Uroczysto\u015b\u0107 NMP Kr\u00f3lowej Polski. Msze \u015bw.:<br>&#8211; w Sadkowie godz. 17.00<br>&#8211; w Jaszkotlu godz. 18.00 wraz z nabo\u017ce\u0144stwem I soboty miesi\u0105ca oraz zmian\u0105 tajemnic \u017bywego R\u00f3\u017ca\u0144ca<\/td><\/tr><tr><td>7<\/td><td>W niedziel\u0119, 3 maja o godz. 9.30 zmiana tajemnic \u017bywego R\u00f3\u017ca\u0144ca w Sadkowie.<\/td><\/tr><tr><td>8<\/td><td>Nabo\u017ce\u0144stwa majowe:<br>w Jaszkotlu: od poniedzia\u0142ku do soboty \u2013 bezpo\u015brednio po Mszy \u015bw.<br>w Sadkowie: od poniedzia\u0142ku do pi\u0105tku o godz. 17.00, w soboty o godz. 16.30, w niedziele: godz. 9.00.<\/td><\/tr><tr><td>9<\/td><td>Mo\u017cna zapisywa\u0107 si\u0119 jeszcze na pielgrzymk\u0119 m\u0119\u017cczyzn \u015bw. J\u00f3zefa do Krzeszowa, kt\u00f3ra odb\u0119dzie si\u0119 w sobot\u0119, 9 maja.<\/td><\/tr><\/tbody><\/table><\/figure>\n\n\n\n<hr class=\"wp-block-separator has-alpha-channel-opacity\"\/>\n\n\n\n<figure class=\"wp-block-table is-style-stripes\"><table><tbody><tr><td>1<\/td><td class=\"has-text-align-left\" data-align=\"left\">Dzi\u0119kuj\u0119 osobom zaanga\u017cowanym w trosk\u0119 o porz\u0105dek w naszej \u015bwi\u0105tyni w ubieg\u0142ym tygodniu.<br><br>Sprz\u0105tanie \u015bwi\u0105tyni zwykle odbywa si\u0119 w soboty od godz. <strong>08.00<\/strong>, chyba \u017ce poproszone o to osoby, po konsultacji z S. Jolant\u0105, um\u00f3wi\u0105 si\u0119 na inny, dogodny dla nich termin. Dzi\u0119kuj\u0119 jednocze\u015bnie wszystkim, kt\u00f3rzy przez ca\u0142y rok troszcz\u0105 si\u0119 o porz\u0105dek w \u015bwi\u0105tyni i jej obej\u015bciu, a tak\u017ce tym, kt\u00f3rzy przy okazji sprz\u0105tania \u015bwi\u0105tyni sk\u0142adaj\u0105 ofiary na kwiaty i inne dekoracje.<\/td><\/tr><tr><td>2<\/td><td class=\"has-text-align-left\" data-align=\"left\">Prosz\u0119, by o porz\u0105dek w naszej \u015bwi\u0105tyni w tym tygodniu zechcieli zatroszczy\u0107 si\u0119:<br>pp. Ewa, Krzysztof RAJSCY (Nowa Wie\u015b Wroc\u0142awska)<br>pp. Magdalena, Mateusz SIKORA (Nowa Wie\u015b Wroc\u0142awska)<br>pp. Gabriela, Marek, Marcin SZPRUCH (Nowa Wie\u015b Wroc\u0142awska)<br>pp. Maria, J\u00f3zef WYSOCZA\u0143SCY (Nowa Wie\u015b Wroc\u0142awska)<\/td><\/tr><tr><td>3<\/td><td class=\"has-text-align-left\" data-align=\"left\">Bardzo dzi\u0119kuj\u0119 za modlitw\u0119 i wszystkie dary serca sk\u0142adane na potrzeby naszej wsp\u00f3lnoty parafialnej, r\u00f3wnie\u017c wszystkim anonimowym darczy\u0144com.<\/td><\/tr><\/tbody><\/table><\/figure>\n","protected":false},"excerpt":{"rendered":"<p>Og\u0142oszenia prafialne<\/p>\n","protected":false},"author":1,"featured_media":117,"comment_status":"open","ping_status":"open","sticky":false,"template":"","format":"standard","meta":{"footnotes":""},"categories":[6],"tags":[],"class_list":["post-1035","post","type-post","status-publish","format-standard","has-post-thumbnail","hentry","category-ogpar"],"_links":{"self":[{"href":"https:\/\/parafiajaszkotle.pl\/index.php?rest_route=\/wp\/v2\/posts\/1035","targetHints":{"allow":["GET"]}}],"collection":[{"href":"https:\/\/parafiajaszkotle.pl\/index.php?rest_route=\/wp\/v2\/posts"}],"about":[{"href":"https:\/\/parafiajaszkotle.pl\/index.php?rest_route=\/wp\/v2\/types\/post"}],"author":[{"embeddable":true,"href":"https:\/\/parafiajaszkotle.pl\/index.php?rest_route=\/wp\/v2\/users\/1"}],"replies":[{"embeddable":true,"href":"https:\/\/parafiajaszkotle.pl\/index.php?rest_route=%2Fwp%2Fv2%2Fcomments&post=1035"}],"version-history":[{"count":1,"href":"https:\/\/parafiajaszkotle.pl\/index.php?rest_route=\/wp\/v2\/posts\/1035\/revisions"}],"predecessor-version":[{"id":1036,"href":"https:\/\/parafiajaszkotle.pl\/index.php?rest_route=\/wp\/v2\/posts\/1035\/revisions\/1036"}],"wp:featuredmedia":[{"embeddable":true,"href":"https:\/\/parafiajaszkotle.pl\/index.php?rest_route=\/wp\/v2\/media\/117"}],"wp:attachment":[{"href":"https:\/\/parafiajaszkotle.pl\/index.php?rest_route=%2Fwp%2Fv2%2Fmedia&parent=1035"}],"wp:term":[{"taxonomy":"category","embeddable":true,"href":"https:\/\/parafiajaszkotle.pl\/index.php?rest_route=%2Fwp%2Fv2%2Fcategories&post=1035"},{"taxonomy":"post_tag","embeddable":true,"href":"https:\/\/parafiajaszkotle.pl\/index.php?rest_route=%2Fwp%2Fv2%2Ftags&post=1035"}],"curies":[{"name":"wp","href":"https:\/\/api.w.org\/{rel}","templated":true}]}}