{"id":1033,"date":"2026-04-27T11:37:26","date_gmt":"2026-04-27T09:37:26","guid":{"rendered":"https:\/\/parafiajaszkotle.pl\/?p=1033"},"modified":"2026-04-27T11:37:26","modified_gmt":"2026-04-27T09:37:26","slug":"intencje-21-27-10-2024-2-2-2-2-2-2-2-2-2-2-2-2-2-2-2-2-2-2-2-2-2-2-2-2-2-2-2-2-2-2-2-2-2-2-2-2-3-2-2-2-2-2-2-2-2-2-2-2-2-2-2-2-2-3-2-2-2-2-2-3-2-2-2-2-2-2-2-2-2-2-2-2-2-2-2-2","status":"publish","type":"post","link":"https:\/\/parafiajaszkotle.pl\/?p=1033","title":{"rendered":"Intencje 27.04-03.05.2026"},"content":{"rendered":"\n<p style=\"font-size:28px\">Jaszkotle<\/p>\n\n\n\n<figure class=\"wp-block-table is-style-stripes\"><table><thead><tr><th>Data<\/th><th class=\"has-text-align-center\" data-align=\"center\">Godzina<\/th><th>Intencja<\/th><\/tr><\/thead><tbody><tr><td>27.04 pn.<\/td><td class=\"has-text-align-center\" data-align=\"center\">07:00<\/td><td>\u271e Lucjan GONERA (4 r. \u015bm.)<\/td><\/tr><tr><td>28.04 wt.<\/td><td class=\"has-text-align-center\" data-align=\"center\">18:00<\/td><td>W int. Jakuba o dary Ducha \u015aw. i pomy\u015blny przebieg matury<\/td><\/tr><tr><td>29.04 \u015br.<\/td><td class=\"has-text-align-center\" data-align=\"center\">18:00<\/td><td>\u271e W\u0142adys\u0142aw KOWALCZYK (1 r. \u015bm.),<br>\u271e\u271e Aleksandra, J\u00f3zef GORZKOWSCY,<br>\u271e\u271e Helena, J\u00f3zef ZUBI\u0143SCY<\/td><\/tr><tr><td>30.04 cz.<\/td><td class=\"has-text-align-center\" data-align=\"center\">07:00<\/td><td>W int. Julii o pomy\u015blny przebieg matury<\/td><\/tr><tr><td>01.04 pt.<\/td><td class=\"has-text-align-center\" data-align=\"center\">18:00<\/td><td>\u271e\u271e Regina, J\u00f3zef CHROBOT,<br>\u271e\u271e z rodzin: CHROBOT i SOKO\u0141OWSKICH<\/td><\/tr><tr><td>02.04 sb.<\/td><td class=\"has-text-align-center\" data-align=\"center\">18:00<\/td><td>\u271e Micha\u0142 KOMARNICKI,<br>\u271e\u271e z rodzin: KOMARNICKICH i ZYGMUNT<\/td><\/tr><tr><td>03.05 nd.<\/td><td class=\"has-text-align-center\" data-align=\"center\">08:00<\/td><td>1. W int. \u0141ucji i Jerzego WICIAK (35 r. \u015blubu), w int. Jerzego (60 r. urodzin)<br>2. W int. Julii o pomy\u015blny przebieg matury i w int. rodzic\u00f3w oraz brata, Bartosza<\/td><\/tr><tr><td>03.05 nd.<\/td><td class=\"has-text-align-center\" data-align=\"center\">11:30<\/td><td>1. \u271e Anna PERCZY\u0143SKA<br>2. \u271e Krzysztof OSTOJSKI (3 r. \u015bm.)<\/td><\/tr><tr><td>03.05 nd.<\/td><td class=\"has-text-align-center\" data-align=\"center\">17:00<\/td><td>Za dusze czy\u015b\u0107cowe<\/td><\/tr><\/tbody><\/table><\/figure>\n\n\n\n<hr class=\"wp-block-separator has-alpha-channel-opacity\"\/>\n\n\n\n<p style=\"font-size:28px\">Sadk\u00f3w<\/p>\n\n\n\n<figure class=\"wp-block-table is-style-stripes\"><table><thead><tr><th>Data<\/th><th class=\"has-text-align-center\" data-align=\"center\">Godzina<\/th><th>Intencja<\/th><\/tr><\/thead><tbody><tr><td>02.05 sb.<\/td><td class=\"has-text-align-center\" data-align=\"center\">17:00<\/td><td>\u271e J\u00f3zef FIDELUS (od wnuk\u00f3w Agaty i Jacka z rodzinami)<\/td><\/tr><tr><td>03.05 nd.<\/td><td class=\"has-text-align-center\" data-align=\"center\">09:30<\/td><td>1. W int. Sylwii WIRCHNIA\u0143SKIEJ o zdrowie<br>2. W int. Lidii MINOR o zdrowie<\/td><\/tr><\/tbody><\/table><\/figure>\n\n\n\n<p><\/p>\n","protected":false},"excerpt":{"rendered":"<p>Intencje mszalne w ko\u015bciele w Jaszkotlu oraz w Sadkowie<\/p>\n","protected":false},"author":1,"featured_media":136,"comment_status":"open","ping_status":"open","sticky":false,"template":"","format":"standard","meta":{"footnotes":""},"categories":[7],"tags":[],"class_list":["post-1033","post","type-post","status-publish","format-standard","has-post-thumbnail","hentry","category-intmsz"],"_links":{"self":[{"href":"https:\/\/parafiajaszkotle.pl\/index.php?rest_route=\/wp\/v2\/posts\/1033","targetHints":{"allow":["GET"]}}],"collection":[{"href":"https:\/\/parafiajaszkotle.pl\/index.php?rest_route=\/wp\/v2\/posts"}],"about":[{"href":"https:\/\/parafiajaszkotle.pl\/index.php?rest_route=\/wp\/v2\/types\/post"}],"author":[{"embeddable":true,"href":"https:\/\/parafiajaszkotle.pl\/index.php?rest_route=\/wp\/v2\/users\/1"}],"replies":[{"embeddable":true,"href":"https:\/\/parafiajaszkotle.pl\/index.php?rest_route=%2Fwp%2Fv2%2Fcomments&post=1033"}],"version-history":[{"count":1,"href":"https:\/\/parafiajaszkotle.pl\/index.php?rest_route=\/wp\/v2\/posts\/1033\/revisions"}],"predecessor-version":[{"id":1034,"href":"https:\/\/parafiajaszkotle.pl\/index.php?rest_route=\/wp\/v2\/posts\/1033\/revisions\/1034"}],"wp:featuredmedia":[{"embeddable":true,"href":"https:\/\/parafiajaszkotle.pl\/index.php?rest_route=\/wp\/v2\/media\/136"}],"wp:attachment":[{"href":"https:\/\/parafiajaszkotle.pl\/index.php?rest_route=%2Fwp%2Fv2%2Fmedia&parent=1033"}],"wp:term":[{"taxonomy":"category","embeddable":true,"href":"https:\/\/parafiajaszkotle.pl\/index.php?rest_route=%2Fwp%2Fv2%2Fcategories&post=1033"},{"taxonomy":"post_tag","embeddable":true,"href":"https:\/\/parafiajaszkotle.pl\/index.php?rest_route=%2Fwp%2Fv2%2Ftags&post=1033"}],"curies":[{"name":"wp","href":"https:\/\/api.w.org\/{rel}","templated":true}]}}